{"id":2111,"date":"2018-03-07T12:04:48","date_gmt":"2018-03-07T12:04:48","guid":{"rendered":"http:\/\/www.oficiantebodasciviles.es\/ceremonia-civil-en-finca-palo-verde-alhaurin-de-la-torre\/"},"modified":"2018-10-20T11:08:31","modified_gmt":"2018-10-20T10:08:31","slug":"ceremonie-civile-a-finca-palo-verde-alhaurin-de-la-torre","status":"publish","type":"post","link":"https:\/\/www.oficiantebodasciviles.es\/fr\/ceremonie-civile-a-finca-palo-verde-alhaurin-de-la-torre\/","title":{"rendered":"C\u00e9r\u00e9monie civile \u00e0 Finca Palo Verde, Alhaur\u00edn de la Torre"},"content":{"rendered":"<p>La ferme de Palo Verde est une ferme dans laquelle la v\u00e9g\u00e9tation a beaucoup pouss\u00e9 ces derni\u00e8res ann\u00e9es et lui donne un aspect int\u00e9rieur qui surprend agr\u00e9ablement. Nous laissons ici quelques photos d&#8217;une c\u00e9r\u00e9monie que nous avons r\u00e9alis\u00e9e \u00e0 Finca Palo Verde.<\/p>\n<p><img loading=\"lazy\" decoding=\"async\" class=\"alignleft wp-image-2097 size-medium\" src=\"http:\/\/www.oficiantebodasciviles.es\/wp-content\/uploads\/2018\/03\/Ceremonia-de-boda-civil-en-Finca-Palo-Verde-Alhaurin-de-la-Torre-Malaga-F0-2-225x300.jpg\" alt=\"Ceremonia-de-boda-civil-en-Finca-Palo-Verde-Alhaurin-de-la-Torre-Malaga-F02\" width=\"225\" height=\"300\" srcset=\"https:\/\/www.oficiantebodasciviles.es\/wp-content\/uploads\/2018\/03\/Ceremonia-de-boda-civil-en-Finca-Palo-Verde-Alhaurin-de-la-Torre-Malaga-F0-2-225x300.jpg 225w, https:\/\/www.oficiantebodasciviles.es\/wp-content\/uploads\/2018\/03\/Ceremonia-de-boda-civil-en-Finca-Palo-Verde-Alhaurin-de-la-Torre-Malaga-F0-2-560x747.jpg 560w, https:\/\/www.oficiantebodasciviles.es\/wp-content\/uploads\/2018\/03\/Ceremonia-de-boda-civil-en-Finca-Palo-Verde-Alhaurin-de-la-Torre-Malaga-F0-2-768x1024.jpg 768w, https:\/\/www.oficiantebodasciviles.es\/wp-content\/uploads\/2018\/03\/Ceremonia-de-boda-civil-en-Finca-Palo-Verde-Alhaurin-de-la-Torre-Malaga-F0-2-750x1000.jpg 750w, https:\/\/www.oficiantebodasciviles.es\/wp-content\/uploads\/2018\/03\/Ceremonia-de-boda-civil-en-Finca-Palo-Verde-Alhaurin-de-la-Torre-Malaga-F0-2-scaled.jpg 1920w\" sizes=\"auto, (max-width: 225px) 100vw, 225px\" \/> <img loading=\"lazy\" decoding=\"async\" class=\"alignleft wp-image-2100 size-medium\" src=\"http:\/\/www.oficiantebodasciviles.es\/wp-content\/uploads\/2018\/03\/Ceremonia-de-boda-civil-en-Finca-Palo-Verde-Alhaurin-de-la-Torre-Malaga-F0-3-225x300.jpg\" alt=\"Ceremonia-de-boda-civil-en-Finca-Palo-Verde-Alhaurin-de-la-Torre-Malaga-F03\" width=\"225\" height=\"300\" srcset=\"https:\/\/www.oficiantebodasciviles.es\/wp-content\/uploads\/2018\/03\/Ceremonia-de-boda-civil-en-Finca-Palo-Verde-Alhaurin-de-la-Torre-Malaga-F0-3-225x300.jpg 225w, https:\/\/www.oficiantebodasciviles.es\/wp-content\/uploads\/2018\/03\/Ceremonia-de-boda-civil-en-Finca-Palo-Verde-Alhaurin-de-la-Torre-Malaga-F0-3-560x747.jpg 560w, https:\/\/www.oficiantebodasciviles.es\/wp-content\/uploads\/2018\/03\/Ceremonia-de-boda-civil-en-Finca-Palo-Verde-Alhaurin-de-la-Torre-Malaga-F0-3-768x1024.jpg 768w, https:\/\/www.oficiantebodasciviles.es\/wp-content\/uploads\/2018\/03\/Ceremonia-de-boda-civil-en-Finca-Palo-Verde-Alhaurin-de-la-Torre-Malaga-F0-3-750x1000.jpg 750w, https:\/\/www.oficiantebodasciviles.es\/wp-content\/uploads\/2018\/03\/Ceremonia-de-boda-civil-en-Finca-Palo-Verde-Alhaurin-de-la-Torre-Malaga-F0-3-scaled.jpg 1920w\" sizes=\"auto, (max-width: 225px) 100vw, 225px\" \/><\/p>\n<p><img loading=\"lazy\" decoding=\"async\" class=\"alignleft wp-image-2103 size-medium\" src=\"http:\/\/www.oficiantebodasciviles.es\/wp-content\/uploads\/2018\/03\/Ceremonia-de-boda-civil-en-Finca-Palo-Verde-Alhaurin-de-la-Torre-Malaga-F0-5-225x300.jpg\" alt=\"Ceremonia-de-boda-civil-en-Finca-Palo-Verde-Alhaurin-de-la-Torre-Malaga-F04\" width=\"225\" height=\"300\" srcset=\"https:\/\/www.oficiantebodasciviles.es\/wp-content\/uploads\/2018\/03\/Ceremonia-de-boda-civil-en-Finca-Palo-Verde-Alhaurin-de-la-Torre-Malaga-F0-5-225x300.jpg 225w, https:\/\/www.oficiantebodasciviles.es\/wp-content\/uploads\/2018\/03\/Ceremonia-de-boda-civil-en-Finca-Palo-Verde-Alhaurin-de-la-Torre-Malaga-F0-5-560x747.jpg 560w, https:\/\/www.oficiantebodasciviles.es\/wp-content\/uploads\/2018\/03\/Ceremonia-de-boda-civil-en-Finca-Palo-Verde-Alhaurin-de-la-Torre-Malaga-F0-5-768x1024.jpg 768w, https:\/\/www.oficiantebodasciviles.es\/wp-content\/uploads\/2018\/03\/Ceremonia-de-boda-civil-en-Finca-Palo-Verde-Alhaurin-de-la-Torre-Malaga-F0-5-750x1000.jpg 750w, https:\/\/www.oficiantebodasciviles.es\/wp-content\/uploads\/2018\/03\/Ceremonia-de-boda-civil-en-Finca-Palo-Verde-Alhaurin-de-la-Torre-Malaga-F0-5-scaled.jpg 1920w\" sizes=\"auto, (max-width: 225px) 100vw, 225px\" \/><\/p>\n<p><img loading=\"lazy\" decoding=\"async\" class=\"alignleft wp-image-2106 size-medium\" src=\"http:\/\/www.oficiantebodasciviles.es\/wp-content\/uploads\/2018\/03\/Ceremonia-de-boda-civil-en-Finca-Palo-Verde-Alhaurin-de-la-Torre-Malaga-F0-6-225x300.jpg\" alt=\"Ceremonia-de-boda-civil-en-Finca-Palo-Verde-Alhaurin-de-la-Torre-Malaga-F05\" width=\"225\" height=\"300\" srcset=\"https:\/\/www.oficiantebodasciviles.es\/wp-content\/uploads\/2018\/03\/Ceremonia-de-boda-civil-en-Finca-Palo-Verde-Alhaurin-de-la-Torre-Malaga-F0-6-225x300.jpg 225w, https:\/\/www.oficiantebodasciviles.es\/wp-content\/uploads\/2018\/03\/Ceremonia-de-boda-civil-en-Finca-Palo-Verde-Alhaurin-de-la-Torre-Malaga-F0-6-560x747.jpg 560w, https:\/\/www.oficiantebodasciviles.es\/wp-content\/uploads\/2018\/03\/Ceremonia-de-boda-civil-en-Finca-Palo-Verde-Alhaurin-de-la-Torre-Malaga-F0-6-768x1024.jpg 768w, https:\/\/www.oficiantebodasciviles.es\/wp-content\/uploads\/2018\/03\/Ceremonia-de-boda-civil-en-Finca-Palo-Verde-Alhaurin-de-la-Torre-Malaga-F0-6-750x1000.jpg 750w, https:\/\/www.oficiantebodasciviles.es\/wp-content\/uploads\/2018\/03\/Ceremonia-de-boda-civil-en-Finca-Palo-Verde-Alhaurin-de-la-Torre-Malaga-F0-6-scaled.jpg 1920w\" sizes=\"auto, (max-width: 225px) 100vw, 225px\" \/><\/p>\n","protected":false},"excerpt":{"rendered":"<p>La ferme de Palo Verde est une ferme dans laquelle la v\u00e9g\u00e9tation a beaucoup pouss\u00e9 ces derni\u00e8res ann\u00e9es et lui donne un aspect int\u00e9rieur qui surprend agr\u00e9ablement. Nous laissons ici quelques photos d&#8217;une c\u00e9r\u00e9monie que nous avons r\u00e9alis\u00e9e \u00e0 Finca Palo Verde.<\/p>\n","protected":false},"author":1,"featured_media":2096,"comment_status":"closed","ping_status":"closed","sticky":false,"template":"","format":"standard","meta":{"footnotes":""},"categories":[51],"tags":[104,314,423,106,317,424,318,421,319,419,411,420,422],"class_list":["post-2111","post","type-post","status-publish","format-standard","has-post-thumbnail","hentry","category-ceremonies","tag-bodas-civiles-malaga-fr","tag-bodas-en-finca-palo-verde-fr","tag-celebrant-ceremonie-marbella","tag-ceremonias-civiles-malaga-fr","tag-ceremonie-civile-malaga","tag-ceremonie-francais-espagnol","tag-ceremonie-laique-malaga","tag-ceremonie-laique-marbella","tag-ceremonie-simbolique-malaga","tag-ceremonies-en-francais","tag-maestro-de-ceremonias-bodas-civiles-oficiante-de-bodas-civiles-ceremonias-bilingues-fr","tag-mariage-civil-francais","tag-oficiant-ceremonie-malaga"],"yoast_head":"<!-- This site is optimized with the Yoast SEO plugin v27.5 - https:\/\/yoast.com\/product\/yoast-seo-wordpress\/ -->\n<title>C\u00e9r\u00e9monie civile \u00e0 Finca Palo Verde, Alhaur\u00edn de la Torre, M\u00e1laga<\/title>\n<meta name=\"description\" content=\"La ferme de Palo Verde est une ferme dans laquelle la v\u00e9g\u00e9tation a beaucoup pouss\u00e9 ces derni\u00e8res ann\u00e9es et lui donne un aspect int\u00e9rieur qui surprend agr\u00e9ablement. Nous laissons ici quelques photos d&#039;une c\u00e9r\u00e9monie que nous avons r\u00e9alis\u00e9e \u00e0 Finca Palo Verde.\" \/>\n<meta name=\"robots\" content=\"index, follow, max-snippet:-1, max-image-preview:large, max-video-preview:-1\" \/>\n<link rel=\"canonical\" href=\"https:\/\/www.oficiantebodasciviles.es\/fr\/ceremonie-civile-a-finca-palo-verde-alhaurin-de-la-torre\/\" \/>\n<meta property=\"og:locale\" content=\"fr_FR\" \/>\n<meta property=\"og:type\" content=\"article\" \/>\n<meta property=\"og:title\" content=\"C\u00e9r\u00e9monie civile \u00e0 Finca Palo Verde, Alhaur\u00edn de la Torre, M\u00e1laga\" \/>\n<meta property=\"og:description\" content=\"La ferme de Palo Verde est une ferme dans laquelle la v\u00e9g\u00e9tation a beaucoup pouss\u00e9 ces derni\u00e8res ann\u00e9es et lui donne un aspect int\u00e9rieur qui surprend agr\u00e9ablement. Nous laissons ici quelques photos d&#039;une c\u00e9r\u00e9monie que nous avons r\u00e9alis\u00e9e \u00e0 Finca Palo Verde.\" \/>\n<meta property=\"og:url\" content=\"https:\/\/www.oficiantebodasciviles.es\/fr\/ceremonie-civile-a-finca-palo-verde-alhaurin-de-la-torre\/\" \/>\n<meta property=\"og:site_name\" content=\"Officiant celebrant de mariages civils \u00e0 Malaga et province\" \/>\n<meta property=\"article:published_time\" content=\"2018-03-07T12:04:48+00:00\" \/>\n<meta property=\"article:modified_time\" content=\"2018-10-20T10:08:31+00:00\" \/>\n<meta property=\"og:image\" content=\"https:\/\/www.oficiantebodasciviles.es\/wp-content\/uploads\/2018\/03\/Ceremonia-de-boda-civil-en-Finca-Palo-Verde-Alhaurin-de-la-Torre-Malaga-F0-7.jpg\" \/>\n\t<meta property=\"og:image:width\" content=\"4160\" \/>\n\t<meta property=\"og:image:height\" content=\"3120\" \/>\n\t<meta property=\"og:image:type\" content=\"image\/jpeg\" \/>\n<meta name=\"author\" content=\"Antonio\" \/>\n<meta name=\"twitter:card\" content=\"summary_large_image\" \/>\n<meta name=\"twitter:label1\" content=\"\u00c9crit par\" \/>\n\t<meta name=\"twitter:data1\" content=\"Antonio\" \/>\n<script type=\"application\/ld+json\" class=\"yoast-schema-graph\">{\"@context\":\"https:\\\/\\\/schema.org\",\"@graph\":[{\"@type\":\"Article\",\"@id\":\"https:\\\/\\\/www.oficiantebodasciviles.es\\\/fr\\\/ceremonie-civile-a-finca-palo-verde-alhaurin-de-la-torre\\\/#article\",\"isPartOf\":{\"@id\":\"https:\\\/\\\/www.oficiantebodasciviles.es\\\/fr\\\/ceremonie-civile-a-finca-palo-verde-alhaurin-de-la-torre\\\/\"},\"author\":{\"name\":\"Antonio\",\"@id\":\"https:\\\/\\\/www.oficiantebodasciviles.es\\\/fr\\\/#\\\/schema\\\/person\\\/1fc311e213a56331c781a5125d009378\"},\"headline\":\"C\u00e9r\u00e9monie civile \u00e0 Finca Palo Verde, Alhaur\u00edn de la Torre\",\"datePublished\":\"2018-03-07T12:04:48+00:00\",\"dateModified\":\"2018-10-20T10:08:31+00:00\",\"mainEntityOfPage\":{\"@id\":\"https:\\\/\\\/www.oficiantebodasciviles.es\\\/fr\\\/ceremonie-civile-a-finca-palo-verde-alhaurin-de-la-torre\\\/\"},\"wordCount\":64,\"publisher\":{\"@id\":\"https:\\\/\\\/www.oficiantebodasciviles.es\\\/fr\\\/#organization\"},\"image\":{\"@id\":\"https:\\\/\\\/www.oficiantebodasciviles.es\\\/fr\\\/ceremonie-civile-a-finca-palo-verde-alhaurin-de-la-torre\\\/#primaryimage\"},\"thumbnailUrl\":\"https:\\\/\\\/www.oficiantebodasciviles.es\\\/wp-content\\\/uploads\\\/2018\\\/03\\\/Ceremonia-de-boda-civil-en-Finca-Palo-Verde-Alhaurin-de-la-Torre-Malaga-F0-7-scaled.jpg\",\"keywords\":[\"bodas civiles M\u00e1laga\",\"bodas en Finca Palo Verde\",\"celebrant c\u00e9r\u00e9monie Marbella\",\"ceremonias civiles M\u00e1laga\",\"c\u00e9r\u00e9monie civile M\u00e1laga\",\"c\u00e9r\u00e9monie fran\u00e7ais espagnol\",\"C\u00e9r\u00e9monie La\u00efque M\u00e1laga\",\"c\u00e9r\u00e9monie la\u00efque Marbella\",\"c\u00e9r\u00e9monie simbolique M\u00e1laga\",\"c\u00e9r\u00e9monies en fran\u00e7ais\",\"Maestro de ceremonias; Bodas Civiles; Oficiante de bodas civiles; ceremonias biling\u00fces\",\"mariage civil fran\u00e7ais\",\"oficiant c\u00e9r\u00e9monie Malaga\"],\"articleSection\":[\"Ceremonies\"],\"inLanguage\":\"fr-FR\"},{\"@type\":\"WebPage\",\"@id\":\"https:\\\/\\\/www.oficiantebodasciviles.es\\\/fr\\\/ceremonie-civile-a-finca-palo-verde-alhaurin-de-la-torre\\\/\",\"url\":\"https:\\\/\\\/www.oficiantebodasciviles.es\\\/fr\\\/ceremonie-civile-a-finca-palo-verde-alhaurin-de-la-torre\\\/\",\"name\":\"C\u00e9r\u00e9monie civile \u00e0 Finca Palo Verde, Alhaur\u00edn de la Torre, M\u00e1laga\",\"isPartOf\":{\"@id\":\"https:\\\/\\\/www.oficiantebodasciviles.es\\\/fr\\\/#website\"},\"primaryImageOfPage\":{\"@id\":\"https:\\\/\\\/www.oficiantebodasciviles.es\\\/fr\\\/ceremonie-civile-a-finca-palo-verde-alhaurin-de-la-torre\\\/#primaryimage\"},\"image\":{\"@id\":\"https:\\\/\\\/www.oficiantebodasciviles.es\\\/fr\\\/ceremonie-civile-a-finca-palo-verde-alhaurin-de-la-torre\\\/#primaryimage\"},\"thumbnailUrl\":\"https:\\\/\\\/www.oficiantebodasciviles.es\\\/wp-content\\\/uploads\\\/2018\\\/03\\\/Ceremonia-de-boda-civil-en-Finca-Palo-Verde-Alhaurin-de-la-Torre-Malaga-F0-7-scaled.jpg\",\"datePublished\":\"2018-03-07T12:04:48+00:00\",\"dateModified\":\"2018-10-20T10:08:31+00:00\",\"description\":\"La ferme de Palo Verde est une ferme dans laquelle la v\u00e9g\u00e9tation a beaucoup pouss\u00e9 ces derni\u00e8res ann\u00e9es et lui donne un aspect int\u00e9rieur qui surprend agr\u00e9ablement. Nous laissons ici quelques photos d'une c\u00e9r\u00e9monie que nous avons r\u00e9alis\u00e9e \u00e0 Finca Palo Verde.\",\"breadcrumb\":{\"@id\":\"https:\\\/\\\/www.oficiantebodasciviles.es\\\/fr\\\/ceremonie-civile-a-finca-palo-verde-alhaurin-de-la-torre\\\/#breadcrumb\"},\"inLanguage\":\"fr-FR\",\"potentialAction\":[{\"@type\":\"ReadAction\",\"target\":[\"https:\\\/\\\/www.oficiantebodasciviles.es\\\/fr\\\/ceremonie-civile-a-finca-palo-verde-alhaurin-de-la-torre\\\/\"]}]},{\"@type\":\"ImageObject\",\"inLanguage\":\"fr-FR\",\"@id\":\"https:\\\/\\\/www.oficiantebodasciviles.es\\\/fr\\\/ceremonie-civile-a-finca-palo-verde-alhaurin-de-la-torre\\\/#primaryimage\",\"url\":\"https:\\\/\\\/www.oficiantebodasciviles.es\\\/wp-content\\\/uploads\\\/2018\\\/03\\\/Ceremonia-de-boda-civil-en-Finca-Palo-Verde-Alhaurin-de-la-Torre-Malaga-F0-7-scaled.jpg\",\"contentUrl\":\"https:\\\/\\\/www.oficiantebodasciviles.es\\\/wp-content\\\/uploads\\\/2018\\\/03\\\/Ceremonia-de-boda-civil-en-Finca-Palo-Verde-Alhaurin-de-la-Torre-Malaga-F0-7-scaled.jpg\",\"width\":2560,\"height\":1920,\"caption\":\"Ceremonia-de-boda-civil-en-Finca-Palo-Verde-Alhaurin-de-la-Torre-Malaga-F0-7\"},{\"@type\":\"BreadcrumbList\",\"@id\":\"https:\\\/\\\/www.oficiantebodasciviles.es\\\/fr\\\/ceremonie-civile-a-finca-palo-verde-alhaurin-de-la-torre\\\/#breadcrumb\",\"itemListElement\":[{\"@type\":\"ListItem\",\"position\":1,\"name\":\"Portada\",\"item\":\"https:\\\/\\\/www.oficiantebodasciviles.es\\\/fr\\\/\"},{\"@type\":\"ListItem\",\"position\":2,\"name\":\"C\u00e9r\u00e9monie civile \u00e0 Finca Palo Verde, Alhaur\u00edn de la Torre\"}]},{\"@type\":\"WebSite\",\"@id\":\"https:\\\/\\\/www.oficiantebodasciviles.es\\\/fr\\\/#website\",\"url\":\"https:\\\/\\\/www.oficiantebodasciviles.es\\\/fr\\\/\",\"name\":\"Oficiantes\",\"description\":\"Bodas civiles en Andaluc\u00eda.\",\"publisher\":{\"@id\":\"https:\\\/\\\/www.oficiantebodasciviles.es\\\/fr\\\/#organization\"},\"potentialAction\":[{\"@type\":\"SearchAction\",\"target\":{\"@type\":\"EntryPoint\",\"urlTemplate\":\"https:\\\/\\\/www.oficiantebodasciviles.es\\\/fr\\\/?s={search_term_string}\"},\"query-input\":{\"@type\":\"PropertyValueSpecification\",\"valueRequired\":true,\"valueName\":\"search_term_string\"}}],\"inLanguage\":\"fr-FR\"},{\"@type\":\"Organization\",\"@id\":\"https:\\\/\\\/www.oficiantebodasciviles.es\\\/fr\\\/#organization\",\"name\":\"Oficiantes Andaluc\u00eda\",\"url\":\"https:\\\/\\\/www.oficiantebodasciviles.es\\\/fr\\\/\",\"logo\":{\"@type\":\"ImageObject\",\"inLanguage\":\"fr-FR\",\"@id\":\"https:\\\/\\\/www.oficiantebodasciviles.es\\\/fr\\\/#\\\/schema\\\/logo\\\/image\\\/\",\"url\":\"https:\\\/\\\/www.oficiantebodasciviles.es\\\/wp-content\\\/uploads\\\/2016\\\/08\\\/Tarjeta-oficiante-bodas-300x300-1.png\",\"contentUrl\":\"https:\\\/\\\/www.oficiantebodasciviles.es\\\/wp-content\\\/uploads\\\/2016\\\/08\\\/Tarjeta-oficiante-bodas-300x300-1.png\",\"width\":142,\"height\":136,\"caption\":\"Oficiantes Andaluc\u00eda\"},\"image\":{\"@id\":\"https:\\\/\\\/www.oficiantebodasciviles.es\\\/fr\\\/#\\\/schema\\\/logo\\\/image\\\/\"}},{\"@type\":\"Person\",\"@id\":\"https:\\\/\\\/www.oficiantebodasciviles.es\\\/fr\\\/#\\\/schema\\\/person\\\/1fc311e213a56331c781a5125d009378\",\"name\":\"Antonio\"}]}<\/script>\n<!-- \/ Yoast SEO plugin. -->","yoast_head_json":{"title":"C\u00e9r\u00e9monie civile \u00e0 Finca Palo Verde, Alhaur\u00edn de la Torre, M\u00e1laga","description":"La ferme de Palo Verde est une ferme dans laquelle la v\u00e9g\u00e9tation a beaucoup pouss\u00e9 ces derni\u00e8res ann\u00e9es et lui donne un aspect int\u00e9rieur qui surprend agr\u00e9ablement. Nous laissons ici quelques photos d'une c\u00e9r\u00e9monie que nous avons r\u00e9alis\u00e9e \u00e0 Finca Palo Verde.","robots":{"index":"index","follow":"follow","max-snippet":"max-snippet:-1","max-image-preview":"max-image-preview:large","max-video-preview":"max-video-preview:-1"},"canonical":"https:\/\/www.oficiantebodasciviles.es\/fr\/ceremonie-civile-a-finca-palo-verde-alhaurin-de-la-torre\/","og_locale":"fr_FR","og_type":"article","og_title":"C\u00e9r\u00e9monie civile \u00e0 Finca Palo Verde, Alhaur\u00edn de la Torre, M\u00e1laga","og_description":"La ferme de Palo Verde est une ferme dans laquelle la v\u00e9g\u00e9tation a beaucoup pouss\u00e9 ces derni\u00e8res ann\u00e9es et lui donne un aspect int\u00e9rieur qui surprend agr\u00e9ablement. Nous laissons ici quelques photos d'une c\u00e9r\u00e9monie que nous avons r\u00e9alis\u00e9e \u00e0 Finca Palo Verde.","og_url":"https:\/\/www.oficiantebodasciviles.es\/fr\/ceremonie-civile-a-finca-palo-verde-alhaurin-de-la-torre\/","og_site_name":"Officiant celebrant de mariages civils \u00e0 Malaga et province","article_published_time":"2018-03-07T12:04:48+00:00","article_modified_time":"2018-10-20T10:08:31+00:00","og_image":[{"width":4160,"height":3120,"url":"https:\/\/www.oficiantebodasciviles.es\/wp-content\/uploads\/2018\/03\/Ceremonia-de-boda-civil-en-Finca-Palo-Verde-Alhaurin-de-la-Torre-Malaga-F0-7.jpg","type":"image\/jpeg"}],"author":"Antonio","twitter_card":"summary_large_image","twitter_misc":{"\u00c9crit par":"Antonio"},"schema":{"@context":"https:\/\/schema.org","@graph":[{"@type":"Article","@id":"https:\/\/www.oficiantebodasciviles.es\/fr\/ceremonie-civile-a-finca-palo-verde-alhaurin-de-la-torre\/#article","isPartOf":{"@id":"https:\/\/www.oficiantebodasciviles.es\/fr\/ceremonie-civile-a-finca-palo-verde-alhaurin-de-la-torre\/"},"author":{"name":"Antonio","@id":"https:\/\/www.oficiantebodasciviles.es\/fr\/#\/schema\/person\/1fc311e213a56331c781a5125d009378"},"headline":"C\u00e9r\u00e9monie civile \u00e0 Finca Palo Verde, Alhaur\u00edn de la Torre","datePublished":"2018-03-07T12:04:48+00:00","dateModified":"2018-10-20T10:08:31+00:00","mainEntityOfPage":{"@id":"https:\/\/www.oficiantebodasciviles.es\/fr\/ceremonie-civile-a-finca-palo-verde-alhaurin-de-la-torre\/"},"wordCount":64,"publisher":{"@id":"https:\/\/www.oficiantebodasciviles.es\/fr\/#organization"},"image":{"@id":"https:\/\/www.oficiantebodasciviles.es\/fr\/ceremonie-civile-a-finca-palo-verde-alhaurin-de-la-torre\/#primaryimage"},"thumbnailUrl":"https:\/\/www.oficiantebodasciviles.es\/wp-content\/uploads\/2018\/03\/Ceremonia-de-boda-civil-en-Finca-Palo-Verde-Alhaurin-de-la-Torre-Malaga-F0-7-scaled.jpg","keywords":["bodas civiles M\u00e1laga","bodas en Finca Palo Verde","celebrant c\u00e9r\u00e9monie Marbella","ceremonias civiles M\u00e1laga","c\u00e9r\u00e9monie civile M\u00e1laga","c\u00e9r\u00e9monie fran\u00e7ais espagnol","C\u00e9r\u00e9monie La\u00efque M\u00e1laga","c\u00e9r\u00e9monie la\u00efque Marbella","c\u00e9r\u00e9monie simbolique M\u00e1laga","c\u00e9r\u00e9monies en fran\u00e7ais","Maestro de ceremonias; Bodas Civiles; Oficiante de bodas civiles; ceremonias biling\u00fces","mariage civil fran\u00e7ais","oficiant c\u00e9r\u00e9monie Malaga"],"articleSection":["Ceremonies"],"inLanguage":"fr-FR"},{"@type":"WebPage","@id":"https:\/\/www.oficiantebodasciviles.es\/fr\/ceremonie-civile-a-finca-palo-verde-alhaurin-de-la-torre\/","url":"https:\/\/www.oficiantebodasciviles.es\/fr\/ceremonie-civile-a-finca-palo-verde-alhaurin-de-la-torre\/","name":"C\u00e9r\u00e9monie civile \u00e0 Finca Palo Verde, Alhaur\u00edn de la Torre, M\u00e1laga","isPartOf":{"@id":"https:\/\/www.oficiantebodasciviles.es\/fr\/#website"},"primaryImageOfPage":{"@id":"https:\/\/www.oficiantebodasciviles.es\/fr\/ceremonie-civile-a-finca-palo-verde-alhaurin-de-la-torre\/#primaryimage"},"image":{"@id":"https:\/\/www.oficiantebodasciviles.es\/fr\/ceremonie-civile-a-finca-palo-verde-alhaurin-de-la-torre\/#primaryimage"},"thumbnailUrl":"https:\/\/www.oficiantebodasciviles.es\/wp-content\/uploads\/2018\/03\/Ceremonia-de-boda-civil-en-Finca-Palo-Verde-Alhaurin-de-la-Torre-Malaga-F0-7-scaled.jpg","datePublished":"2018-03-07T12:04:48+00:00","dateModified":"2018-10-20T10:08:31+00:00","description":"La ferme de Palo Verde est une ferme dans laquelle la v\u00e9g\u00e9tation a beaucoup pouss\u00e9 ces derni\u00e8res ann\u00e9es et lui donne un aspect int\u00e9rieur qui surprend agr\u00e9ablement. Nous laissons ici quelques photos d'une c\u00e9r\u00e9monie que nous avons r\u00e9alis\u00e9e \u00e0 Finca Palo Verde.","breadcrumb":{"@id":"https:\/\/www.oficiantebodasciviles.es\/fr\/ceremonie-civile-a-finca-palo-verde-alhaurin-de-la-torre\/#breadcrumb"},"inLanguage":"fr-FR","potentialAction":[{"@type":"ReadAction","target":["https:\/\/www.oficiantebodasciviles.es\/fr\/ceremonie-civile-a-finca-palo-verde-alhaurin-de-la-torre\/"]}]},{"@type":"ImageObject","inLanguage":"fr-FR","@id":"https:\/\/www.oficiantebodasciviles.es\/fr\/ceremonie-civile-a-finca-palo-verde-alhaurin-de-la-torre\/#primaryimage","url":"https:\/\/www.oficiantebodasciviles.es\/wp-content\/uploads\/2018\/03\/Ceremonia-de-boda-civil-en-Finca-Palo-Verde-Alhaurin-de-la-Torre-Malaga-F0-7-scaled.jpg","contentUrl":"https:\/\/www.oficiantebodasciviles.es\/wp-content\/uploads\/2018\/03\/Ceremonia-de-boda-civil-en-Finca-Palo-Verde-Alhaurin-de-la-Torre-Malaga-F0-7-scaled.jpg","width":2560,"height":1920,"caption":"Ceremonia-de-boda-civil-en-Finca-Palo-Verde-Alhaurin-de-la-Torre-Malaga-F0-7"},{"@type":"BreadcrumbList","@id":"https:\/\/www.oficiantebodasciviles.es\/fr\/ceremonie-civile-a-finca-palo-verde-alhaurin-de-la-torre\/#breadcrumb","itemListElement":[{"@type":"ListItem","position":1,"name":"Portada","item":"https:\/\/www.oficiantebodasciviles.es\/fr\/"},{"@type":"ListItem","position":2,"name":"C\u00e9r\u00e9monie civile \u00e0 Finca Palo Verde, Alhaur\u00edn de la Torre"}]},{"@type":"WebSite","@id":"https:\/\/www.oficiantebodasciviles.es\/fr\/#website","url":"https:\/\/www.oficiantebodasciviles.es\/fr\/","name":"Oficiantes","description":"Bodas civiles en Andaluc\u00eda.","publisher":{"@id":"https:\/\/www.oficiantebodasciviles.es\/fr\/#organization"},"potentialAction":[{"@type":"SearchAction","target":{"@type":"EntryPoint","urlTemplate":"https:\/\/www.oficiantebodasciviles.es\/fr\/?s={search_term_string}"},"query-input":{"@type":"PropertyValueSpecification","valueRequired":true,"valueName":"search_term_string"}}],"inLanguage":"fr-FR"},{"@type":"Organization","@id":"https:\/\/www.oficiantebodasciviles.es\/fr\/#organization","name":"Oficiantes Andaluc\u00eda","url":"https:\/\/www.oficiantebodasciviles.es\/fr\/","logo":{"@type":"ImageObject","inLanguage":"fr-FR","@id":"https:\/\/www.oficiantebodasciviles.es\/fr\/#\/schema\/logo\/image\/","url":"https:\/\/www.oficiantebodasciviles.es\/wp-content\/uploads\/2016\/08\/Tarjeta-oficiante-bodas-300x300-1.png","contentUrl":"https:\/\/www.oficiantebodasciviles.es\/wp-content\/uploads\/2016\/08\/Tarjeta-oficiante-bodas-300x300-1.png","width":142,"height":136,"caption":"Oficiantes Andaluc\u00eda"},"image":{"@id":"https:\/\/www.oficiantebodasciviles.es\/fr\/#\/schema\/logo\/image\/"}},{"@type":"Person","@id":"https:\/\/www.oficiantebodasciviles.es\/fr\/#\/schema\/person\/1fc311e213a56331c781a5125d009378","name":"Antonio"}]}},"_links":{"self":[{"href":"https:\/\/www.oficiantebodasciviles.es\/fr\/wp-json\/wp\/v2\/posts\/2111","targetHints":{"allow":["GET"]}}],"collection":[{"href":"https:\/\/www.oficiantebodasciviles.es\/fr\/wp-json\/wp\/v2\/posts"}],"about":[{"href":"https:\/\/www.oficiantebodasciviles.es\/fr\/wp-json\/wp\/v2\/types\/post"}],"author":[{"embeddable":true,"href":"https:\/\/www.oficiantebodasciviles.es\/fr\/wp-json\/wp\/v2\/users\/1"}],"replies":[{"embeddable":true,"href":"https:\/\/www.oficiantebodasciviles.es\/fr\/wp-json\/wp\/v2\/comments?post=2111"}],"version-history":[{"count":2,"href":"https:\/\/www.oficiantebodasciviles.es\/fr\/wp-json\/wp\/v2\/posts\/2111\/revisions"}],"predecessor-version":[{"id":2115,"href":"https:\/\/www.oficiantebodasciviles.es\/fr\/wp-json\/wp\/v2\/posts\/2111\/revisions\/2115"}],"wp:featuredmedia":[{"embeddable":true,"href":"https:\/\/www.oficiantebodasciviles.es\/fr\/wp-json\/wp\/v2\/media\/2096"}],"wp:attachment":[{"href":"https:\/\/www.oficiantebodasciviles.es\/fr\/wp-json\/wp\/v2\/media?parent=2111"}],"wp:term":[{"taxonomy":"category","embeddable":true,"href":"https:\/\/www.oficiantebodasciviles.es\/fr\/wp-json\/wp\/v2\/categories?post=2111"},{"taxonomy":"post_tag","embeddable":true,"href":"https:\/\/www.oficiantebodasciviles.es\/fr\/wp-json\/wp\/v2\/tags?post=2111"}],"curies":[{"name":"wp","href":"https:\/\/api.w.org\/{rel}","templated":true}]}}