{"id":2058,"date":"2016-12-20T14:42:03","date_gmt":"2016-12-20T14:42:03","guid":{"rendered":"http:\/\/www.oficiantebodasciviles.es\/oficiante-boda-civil-parque-del-rio-velez-malaga\/"},"modified":"2018-10-20T11:11:44","modified_gmt":"2018-10-20T10:11:44","slug":"oficiant-ceremonie-civile-parque-del-rio-velez-malaga","status":"publish","type":"post","link":"https:\/\/www.oficiantebodasciviles.es\/fr\/oficiant-ceremonie-civile-parque-del-rio-velez-malaga\/","title":{"rendered":"Oficiant de c\u00e9r\u00e9monie civile \u00e0 Parque del R\u00edo, V\u00e9lez-M\u00e1laga"},"content":{"rendered":"<p>Une pr\u00e9sentation originale de la c\u00e9r\u00e9monie civile, avec la mari\u00e9e et le mari\u00e9 assis devant les invit\u00e9s, dans des fauteuils. De la part de la mari\u00e9e ne prend en compte si la robe porte cancan pour ce type de si\u00e8ges, mais ce n&#8217;\u00e9tait pas le cas et les invit\u00e9s pouvaient voir le visage du couple lors de la c\u00e9r\u00e9monie.<\/p>\n<p><img loading=\"lazy\" decoding=\"async\" class=\"size-medium wp-image-579 alignleft\" src=\"http:\/\/www.oficiantebodasciviles.es\/wp-content\/uploads\/2016\/12\/Ceremonia-civil-en-Parque-del-R\u00edo-Torre-del-Mar-F01-300x168.jpg\" alt=\"\" width=\"300\" height=\"168\" srcset=\"https:\/\/www.oficiantebodasciviles.es\/wp-content\/uploads\/2016\/12\/Ceremonia-civil-en-Parque-del-R\u00edo-Torre-del-Mar-F01-300x168.jpg 300w, https:\/\/www.oficiantebodasciviles.es\/wp-content\/uploads\/2016\/12\/Ceremonia-civil-en-Parque-del-R\u00edo-Torre-del-Mar-F01-560x314.jpg 560w, https:\/\/www.oficiantebodasciviles.es\/wp-content\/uploads\/2016\/12\/Ceremonia-civil-en-Parque-del-R\u00edo-Torre-del-Mar-F01-768x431.jpg 768w, https:\/\/www.oficiantebodasciviles.es\/wp-content\/uploads\/2016\/12\/Ceremonia-civil-en-Parque-del-R\u00edo-Torre-del-Mar-F01-1024x575.jpg 1024w, https:\/\/www.oficiantebodasciviles.es\/wp-content\/uploads\/2016\/12\/Ceremonia-civil-en-Parque-del-R\u00edo-Torre-del-Mar-F01-750x421.jpg 750w\" sizes=\"auto, (max-width: 300px) 100vw, 300px\" \/>\u00a0<img loading=\"lazy\" decoding=\"async\" class=\"size-medium wp-image-585 alignleft\" src=\"http:\/\/www.oficiantebodasciviles.es\/wp-content\/uploads\/2016\/12\/Ceremonia-civil-en-Parque-del-R\u00edo-Torre-del-Mar-F03-300x168.jpg\" alt=\"Ceremonia civil en Parque del R\u00edo, Torre del Mar\" width=\"300\" height=\"168\" srcset=\"https:\/\/www.oficiantebodasciviles.es\/wp-content\/uploads\/2016\/12\/Ceremonia-civil-en-Parque-del-R\u00edo-Torre-del-Mar-F03-300x168.jpg 300w, https:\/\/www.oficiantebodasciviles.es\/wp-content\/uploads\/2016\/12\/Ceremonia-civil-en-Parque-del-R\u00edo-Torre-del-Mar-F03-560x314.jpg 560w, https:\/\/www.oficiantebodasciviles.es\/wp-content\/uploads\/2016\/12\/Ceremonia-civil-en-Parque-del-R\u00edo-Torre-del-Mar-F03-768x431.jpg 768w, https:\/\/www.oficiantebodasciviles.es\/wp-content\/uploads\/2016\/12\/Ceremonia-civil-en-Parque-del-R\u00edo-Torre-del-Mar-F03-1024x575.jpg 1024w, https:\/\/www.oficiantebodasciviles.es\/wp-content\/uploads\/2016\/12\/Ceremonia-civil-en-Parque-del-R\u00edo-Torre-del-Mar-F03-750x421.jpg 750w\" sizes=\"auto, (max-width: 300px) 100vw, 300px\" \/> <img loading=\"lazy\" decoding=\"async\" class=\"size-medium wp-image-588 alignleft\" src=\"http:\/\/www.oficiantebodasciviles.es\/wp-content\/uploads\/2016\/12\/Ceremonia-civil-en-Parque-del-R\u00edo-Torre-del-Mar-F04-300x168.jpg\" alt=\"Ceremonia civil en Parque del R\u00edo, Torre del Mar\" width=\"300\" height=\"168\" srcset=\"https:\/\/www.oficiantebodasciviles.es\/wp-content\/uploads\/2016\/12\/Ceremonia-civil-en-Parque-del-R\u00edo-Torre-del-Mar-F04-300x168.jpg 300w, https:\/\/www.oficiantebodasciviles.es\/wp-content\/uploads\/2016\/12\/Ceremonia-civil-en-Parque-del-R\u00edo-Torre-del-Mar-F04-560x314.jpg 560w, https:\/\/www.oficiantebodasciviles.es\/wp-content\/uploads\/2016\/12\/Ceremonia-civil-en-Parque-del-R\u00edo-Torre-del-Mar-F04-768x431.jpg 768w, https:\/\/www.oficiantebodasciviles.es\/wp-content\/uploads\/2016\/12\/Ceremonia-civil-en-Parque-del-R\u00edo-Torre-del-Mar-F04-1024x575.jpg 1024w, https:\/\/www.oficiantebodasciviles.es\/wp-content\/uploads\/2016\/12\/Ceremonia-civil-en-Parque-del-R\u00edo-Torre-del-Mar-F04-750x421.jpg 750w\" sizes=\"auto, (max-width: 300px) 100vw, 300px\" \/>\u00a0<img loading=\"lazy\" decoding=\"async\" class=\"size-medium wp-image-582 alignleft\" src=\"http:\/\/www.oficiantebodasciviles.es\/wp-content\/uploads\/2016\/12\/Ceremonias-de-bodas-civiles-en-Torre-del-Mar-V\u00e9lez-M\u00e1laga-F01-300x168.\" alt=\"\" width=\"300\" height=\"168\" srcset=\"https:\/\/www.oficiantebodasciviles.es\/wp-content\/uploads\/2016\/12\/Ceremonias-de-bodas-civiles-en-Torre-del-Mar-V\u00e9lez-M\u00e1laga-F01-300x168. 300w, https:\/\/www.oficiantebodasciviles.es\/wp-content\/uploads\/2016\/12\/Ceremonias-de-bodas-civiles-en-Torre-del-Mar-V\u00e9lez-M\u00e1laga-F01-560x314. 560w, https:\/\/www.oficiantebodasciviles.es\/wp-content\/uploads\/2016\/12\/Ceremonias-de-bodas-civiles-en-Torre-del-Mar-V\u00e9lez-M\u00e1laga-F01-768x431. 768w, https:\/\/www.oficiantebodasciviles.es\/wp-content\/uploads\/2016\/12\/Ceremonias-de-bodas-civiles-en-Torre-del-Mar-V\u00e9lez-M\u00e1laga-F01-1024x575. 1024w, https:\/\/www.oficiantebodasciviles.es\/wp-content\/uploads\/2016\/12\/Ceremonias-de-bodas-civiles-en-Torre-del-Mar-V\u00e9lez-M\u00e1laga-F01-750x421. 750w\" sizes=\"auto, (max-width: 300px) 100vw, 300px\" \/><\/p>\n","protected":false},"excerpt":{"rendered":"<p>Une pr\u00e9sentation originale de la c\u00e9r\u00e9monie civile, avec la mari\u00e9e et le mari\u00e9 assis devant les invit\u00e9s, dans des fauteuils. De la part de la mari\u00e9e ne prend en compte si la robe porte cancan pour ce type de si\u00e8ges, mais ce n&#8217;\u00e9tait pas le cas et les invit\u00e9s pouvaient[&#8230;]<\/p>\n","protected":false},"author":1,"featured_media":593,"comment_status":"closed","ping_status":"open","sticky":false,"template":"","format":"standard","meta":{"footnotes":""},"categories":[51],"tags":[427,306,318,308,419,425,194,426,307],"class_list":["post-2058","post","type-post","status-publish","format-standard","has-post-thumbnail","hentry","category-ceremonies","tag-celebrant-mariages","tag-celebrant-velez-malaga","tag-ceremonie-laique-malaga","tag-ceremonies-civiles-velez-malaga","tag-ceremonies-en-francais","tag-mariage-civil-marbella","tag-marriages-marbella-espagne-fr","tag-officiant-de-ceremonies","tag-oficiant-velez-malaga"],"yoast_head":"<!-- This site is optimized with the Yoast SEO plugin v27.5 - https:\/\/yoast.com\/product\/yoast-seo-wordpress\/ -->\n<title>Oficiant de c\u00e9r\u00e9monie civile \u00e0 Parque del R\u00edo, V\u00e9lez-M\u00e1laga<\/title>\n<meta name=\"description\" content=\"Une pr\u00e9sentation originale de la c\u00e9r\u00e9monie civile, avec la mari\u00e9e et le mari\u00e9 assis devant les invit\u00e9s, dans des fauteuils. De la part de la mari\u00e9e ne prend en compte si la robe porte cancan pour ce type de si\u00e8ges, mais ce n&#039;\u00e9tait pas le cas et les invit\u00e9s pouvaient voir le visage du couple lors de la c\u00e9r\u00e9monie.\" \/>\n<meta name=\"robots\" content=\"index, follow, max-snippet:-1, max-image-preview:large, max-video-preview:-1\" \/>\n<link rel=\"canonical\" href=\"https:\/\/www.oficiantebodasciviles.es\/fr\/oficiant-ceremonie-civile-parque-del-rio-velez-malaga\/\" \/>\n<meta property=\"og:locale\" content=\"fr_FR\" \/>\n<meta property=\"og:type\" content=\"article\" \/>\n<meta property=\"og:title\" content=\"Oficiant de c\u00e9r\u00e9monie civile \u00e0 Parque del R\u00edo, V\u00e9lez-M\u00e1laga\" \/>\n<meta property=\"og:description\" content=\"Une pr\u00e9sentation originale de la c\u00e9r\u00e9monie civile, avec la mari\u00e9e et le mari\u00e9 assis devant les invit\u00e9s, dans des fauteuils. De la part de la mari\u00e9e ne prend en compte si la robe porte cancan pour ce type de si\u00e8ges, mais ce n&#039;\u00e9tait pas le cas et les invit\u00e9s pouvaient voir le visage du couple lors de la c\u00e9r\u00e9monie.\" \/>\n<meta property=\"og:url\" content=\"https:\/\/www.oficiantebodasciviles.es\/fr\/oficiant-ceremonie-civile-parque-del-rio-velez-malaga\/\" \/>\n<meta property=\"og:site_name\" content=\"Officiant celebrant de mariages civils \u00e0 Malaga et province\" \/>\n<meta property=\"article:published_time\" content=\"2016-12-20T14:42:03+00:00\" \/>\n<meta property=\"article:modified_time\" content=\"2018-10-20T10:11:44+00:00\" \/>\n<meta property=\"og:image\" content=\"https:\/\/www.oficiantebodasciviles.es\/wp-content\/uploads\/2016\/12\/Ceremonia-civil-en-Parque-del-R\u00edo-Torre-del-Mar-F03-1.jpg\" \/>\n\t<meta property=\"og:image:width\" content=\"600\" \/>\n\t<meta property=\"og:image:height\" content=\"340\" \/>\n\t<meta property=\"og:image:type\" content=\"image\/jpeg\" \/>\n<meta name=\"author\" content=\"Antonio\" \/>\n<meta name=\"twitter:card\" content=\"summary_large_image\" \/>\n<meta name=\"twitter:label1\" content=\"\u00c9crit par\" \/>\n\t<meta name=\"twitter:data1\" content=\"Antonio\" \/>\n<script type=\"application\/ld+json\" class=\"yoast-schema-graph\">{\"@context\":\"https:\\\/\\\/schema.org\",\"@graph\":[{\"@type\":\"Article\",\"@id\":\"https:\\\/\\\/www.oficiantebodasciviles.es\\\/fr\\\/oficiant-ceremonie-civile-parque-del-rio-velez-malaga\\\/#article\",\"isPartOf\":{\"@id\":\"https:\\\/\\\/www.oficiantebodasciviles.es\\\/fr\\\/oficiant-ceremonie-civile-parque-del-rio-velez-malaga\\\/\"},\"author\":{\"name\":\"Antonio\",\"@id\":\"https:\\\/\\\/www.oficiantebodasciviles.es\\\/fr\\\/#\\\/schema\\\/person\\\/1fc311e213a56331c781a5125d009378\"},\"headline\":\"Oficiant de c\u00e9r\u00e9monie civile \u00e0 Parque del R\u00edo, V\u00e9lez-M\u00e1laga\",\"datePublished\":\"2016-12-20T14:42:03+00:00\",\"dateModified\":\"2018-10-20T10:11:44+00:00\",\"mainEntityOfPage\":{\"@id\":\"https:\\\/\\\/www.oficiantebodasciviles.es\\\/fr\\\/oficiant-ceremonie-civile-parque-del-rio-velez-malaga\\\/\"},\"wordCount\":83,\"publisher\":{\"@id\":\"https:\\\/\\\/www.oficiantebodasciviles.es\\\/fr\\\/#organization\"},\"image\":{\"@id\":\"https:\\\/\\\/www.oficiantebodasciviles.es\\\/fr\\\/oficiant-ceremonie-civile-parque-del-rio-velez-malaga\\\/#primaryimage\"},\"thumbnailUrl\":\"https:\\\/\\\/www.oficiantebodasciviles.es\\\/wp-content\\\/uploads\\\/2016\\\/12\\\/Ceremonia-civil-en-Parque-del-R\u00edo-Torre-del-Mar-F03-1.jpg\",\"keywords\":[\"celebrant mariages\",\"celebrant Velez Malaga\",\"C\u00e9r\u00e9monie La\u00efque M\u00e1laga\",\"ceremonies civiles Velez Malaga\",\"c\u00e9r\u00e9monies en fran\u00e7ais\",\"mariage Civil Marbella\",\"marriages Marbella ( Espagne )\",\"officiant de c\u00e9r\u00e9monies\",\"Oficiant Velez Malaga\"],\"articleSection\":[\"Ceremonies\"],\"inLanguage\":\"fr-FR\"},{\"@type\":\"WebPage\",\"@id\":\"https:\\\/\\\/www.oficiantebodasciviles.es\\\/fr\\\/oficiant-ceremonie-civile-parque-del-rio-velez-malaga\\\/\",\"url\":\"https:\\\/\\\/www.oficiantebodasciviles.es\\\/fr\\\/oficiant-ceremonie-civile-parque-del-rio-velez-malaga\\\/\",\"name\":\"Oficiant de c\u00e9r\u00e9monie civile \u00e0 Parque del R\u00edo, V\u00e9lez-M\u00e1laga\",\"isPartOf\":{\"@id\":\"https:\\\/\\\/www.oficiantebodasciviles.es\\\/fr\\\/#website\"},\"primaryImageOfPage\":{\"@id\":\"https:\\\/\\\/www.oficiantebodasciviles.es\\\/fr\\\/oficiant-ceremonie-civile-parque-del-rio-velez-malaga\\\/#primaryimage\"},\"image\":{\"@id\":\"https:\\\/\\\/www.oficiantebodasciviles.es\\\/fr\\\/oficiant-ceremonie-civile-parque-del-rio-velez-malaga\\\/#primaryimage\"},\"thumbnailUrl\":\"https:\\\/\\\/www.oficiantebodasciviles.es\\\/wp-content\\\/uploads\\\/2016\\\/12\\\/Ceremonia-civil-en-Parque-del-R\u00edo-Torre-del-Mar-F03-1.jpg\",\"datePublished\":\"2016-12-20T14:42:03+00:00\",\"dateModified\":\"2018-10-20T10:11:44+00:00\",\"description\":\"Une pr\u00e9sentation originale de la c\u00e9r\u00e9monie civile, avec la mari\u00e9e et le mari\u00e9 assis devant les invit\u00e9s, dans des fauteuils. De la part de la mari\u00e9e ne prend en compte si la robe porte cancan pour ce type de si\u00e8ges, mais ce n'\u00e9tait pas le cas et les invit\u00e9s pouvaient voir le visage du couple lors de la c\u00e9r\u00e9monie.\",\"breadcrumb\":{\"@id\":\"https:\\\/\\\/www.oficiantebodasciviles.es\\\/fr\\\/oficiant-ceremonie-civile-parque-del-rio-velez-malaga\\\/#breadcrumb\"},\"inLanguage\":\"fr-FR\",\"potentialAction\":[{\"@type\":\"ReadAction\",\"target\":[\"https:\\\/\\\/www.oficiantebodasciviles.es\\\/fr\\\/oficiant-ceremonie-civile-parque-del-rio-velez-malaga\\\/\"]}]},{\"@type\":\"ImageObject\",\"inLanguage\":\"fr-FR\",\"@id\":\"https:\\\/\\\/www.oficiantebodasciviles.es\\\/fr\\\/oficiant-ceremonie-civile-parque-del-rio-velez-malaga\\\/#primaryimage\",\"url\":\"https:\\\/\\\/www.oficiantebodasciviles.es\\\/wp-content\\\/uploads\\\/2016\\\/12\\\/Ceremonia-civil-en-Parque-del-R\u00edo-Torre-del-Mar-F03-1.jpg\",\"contentUrl\":\"https:\\\/\\\/www.oficiantebodasciviles.es\\\/wp-content\\\/uploads\\\/2016\\\/12\\\/Ceremonia-civil-en-Parque-del-R\u00edo-Torre-del-Mar-F03-1.jpg\",\"width\":600,\"height\":340},{\"@type\":\"BreadcrumbList\",\"@id\":\"https:\\\/\\\/www.oficiantebodasciviles.es\\\/fr\\\/oficiant-ceremonie-civile-parque-del-rio-velez-malaga\\\/#breadcrumb\",\"itemListElement\":[{\"@type\":\"ListItem\",\"position\":1,\"name\":\"Portada\",\"item\":\"https:\\\/\\\/www.oficiantebodasciviles.es\\\/fr\\\/\"},{\"@type\":\"ListItem\",\"position\":2,\"name\":\"Oficiant de c\u00e9r\u00e9monie civile \u00e0 Parque del R\u00edo, V\u00e9lez-M\u00e1laga\"}]},{\"@type\":\"WebSite\",\"@id\":\"https:\\\/\\\/www.oficiantebodasciviles.es\\\/fr\\\/#website\",\"url\":\"https:\\\/\\\/www.oficiantebodasciviles.es\\\/fr\\\/\",\"name\":\"Oficiantes\",\"description\":\"Bodas civiles en Andaluc\u00eda.\",\"publisher\":{\"@id\":\"https:\\\/\\\/www.oficiantebodasciviles.es\\\/fr\\\/#organization\"},\"potentialAction\":[{\"@type\":\"SearchAction\",\"target\":{\"@type\":\"EntryPoint\",\"urlTemplate\":\"https:\\\/\\\/www.oficiantebodasciviles.es\\\/fr\\\/?s={search_term_string}\"},\"query-input\":{\"@type\":\"PropertyValueSpecification\",\"valueRequired\":true,\"valueName\":\"search_term_string\"}}],\"inLanguage\":\"fr-FR\"},{\"@type\":\"Organization\",\"@id\":\"https:\\\/\\\/www.oficiantebodasciviles.es\\\/fr\\\/#organization\",\"name\":\"Oficiantes Andaluc\u00eda\",\"url\":\"https:\\\/\\\/www.oficiantebodasciviles.es\\\/fr\\\/\",\"logo\":{\"@type\":\"ImageObject\",\"inLanguage\":\"fr-FR\",\"@id\":\"https:\\\/\\\/www.oficiantebodasciviles.es\\\/fr\\\/#\\\/schema\\\/logo\\\/image\\\/\",\"url\":\"https:\\\/\\\/www.oficiantebodasciviles.es\\\/wp-content\\\/uploads\\\/2016\\\/08\\\/Tarjeta-oficiante-bodas-300x300-1.png\",\"contentUrl\":\"https:\\\/\\\/www.oficiantebodasciviles.es\\\/wp-content\\\/uploads\\\/2016\\\/08\\\/Tarjeta-oficiante-bodas-300x300-1.png\",\"width\":142,\"height\":136,\"caption\":\"Oficiantes Andaluc\u00eda\"},\"image\":{\"@id\":\"https:\\\/\\\/www.oficiantebodasciviles.es\\\/fr\\\/#\\\/schema\\\/logo\\\/image\\\/\"}},{\"@type\":\"Person\",\"@id\":\"https:\\\/\\\/www.oficiantebodasciviles.es\\\/fr\\\/#\\\/schema\\\/person\\\/1fc311e213a56331c781a5125d009378\",\"name\":\"Antonio\"}]}<\/script>\n<!-- \/ Yoast SEO plugin. -->","yoast_head_json":{"title":"Oficiant de c\u00e9r\u00e9monie civile \u00e0 Parque del R\u00edo, V\u00e9lez-M\u00e1laga","description":"Une pr\u00e9sentation originale de la c\u00e9r\u00e9monie civile, avec la mari\u00e9e et le mari\u00e9 assis devant les invit\u00e9s, dans des fauteuils. De la part de la mari\u00e9e ne prend en compte si la robe porte cancan pour ce type de si\u00e8ges, mais ce n'\u00e9tait pas le cas et les invit\u00e9s pouvaient voir le visage du couple lors de la c\u00e9r\u00e9monie.","robots":{"index":"index","follow":"follow","max-snippet":"max-snippet:-1","max-image-preview":"max-image-preview:large","max-video-preview":"max-video-preview:-1"},"canonical":"https:\/\/www.oficiantebodasciviles.es\/fr\/oficiant-ceremonie-civile-parque-del-rio-velez-malaga\/","og_locale":"fr_FR","og_type":"article","og_title":"Oficiant de c\u00e9r\u00e9monie civile \u00e0 Parque del R\u00edo, V\u00e9lez-M\u00e1laga","og_description":"Une pr\u00e9sentation originale de la c\u00e9r\u00e9monie civile, avec la mari\u00e9e et le mari\u00e9 assis devant les invit\u00e9s, dans des fauteuils. De la part de la mari\u00e9e ne prend en compte si la robe porte cancan pour ce type de si\u00e8ges, mais ce n'\u00e9tait pas le cas et les invit\u00e9s pouvaient voir le visage du couple lors de la c\u00e9r\u00e9monie.","og_url":"https:\/\/www.oficiantebodasciviles.es\/fr\/oficiant-ceremonie-civile-parque-del-rio-velez-malaga\/","og_site_name":"Officiant celebrant de mariages civils \u00e0 Malaga et province","article_published_time":"2016-12-20T14:42:03+00:00","article_modified_time":"2018-10-20T10:11:44+00:00","og_image":[{"width":600,"height":340,"url":"https:\/\/www.oficiantebodasciviles.es\/wp-content\/uploads\/2016\/12\/Ceremonia-civil-en-Parque-del-R\u00edo-Torre-del-Mar-F03-1.jpg","type":"image\/jpeg"}],"author":"Antonio","twitter_card":"summary_large_image","twitter_misc":{"\u00c9crit par":"Antonio"},"schema":{"@context":"https:\/\/schema.org","@graph":[{"@type":"Article","@id":"https:\/\/www.oficiantebodasciviles.es\/fr\/oficiant-ceremonie-civile-parque-del-rio-velez-malaga\/#article","isPartOf":{"@id":"https:\/\/www.oficiantebodasciviles.es\/fr\/oficiant-ceremonie-civile-parque-del-rio-velez-malaga\/"},"author":{"name":"Antonio","@id":"https:\/\/www.oficiantebodasciviles.es\/fr\/#\/schema\/person\/1fc311e213a56331c781a5125d009378"},"headline":"Oficiant de c\u00e9r\u00e9monie civile \u00e0 Parque del R\u00edo, V\u00e9lez-M\u00e1laga","datePublished":"2016-12-20T14:42:03+00:00","dateModified":"2018-10-20T10:11:44+00:00","mainEntityOfPage":{"@id":"https:\/\/www.oficiantebodasciviles.es\/fr\/oficiant-ceremonie-civile-parque-del-rio-velez-malaga\/"},"wordCount":83,"publisher":{"@id":"https:\/\/www.oficiantebodasciviles.es\/fr\/#organization"},"image":{"@id":"https:\/\/www.oficiantebodasciviles.es\/fr\/oficiant-ceremonie-civile-parque-del-rio-velez-malaga\/#primaryimage"},"thumbnailUrl":"https:\/\/www.oficiantebodasciviles.es\/wp-content\/uploads\/2016\/12\/Ceremonia-civil-en-Parque-del-R\u00edo-Torre-del-Mar-F03-1.jpg","keywords":["celebrant mariages","celebrant Velez Malaga","C\u00e9r\u00e9monie La\u00efque M\u00e1laga","ceremonies civiles Velez Malaga","c\u00e9r\u00e9monies en fran\u00e7ais","mariage Civil Marbella","marriages Marbella ( Espagne )","officiant de c\u00e9r\u00e9monies","Oficiant Velez Malaga"],"articleSection":["Ceremonies"],"inLanguage":"fr-FR"},{"@type":"WebPage","@id":"https:\/\/www.oficiantebodasciviles.es\/fr\/oficiant-ceremonie-civile-parque-del-rio-velez-malaga\/","url":"https:\/\/www.oficiantebodasciviles.es\/fr\/oficiant-ceremonie-civile-parque-del-rio-velez-malaga\/","name":"Oficiant de c\u00e9r\u00e9monie civile \u00e0 Parque del R\u00edo, V\u00e9lez-M\u00e1laga","isPartOf":{"@id":"https:\/\/www.oficiantebodasciviles.es\/fr\/#website"},"primaryImageOfPage":{"@id":"https:\/\/www.oficiantebodasciviles.es\/fr\/oficiant-ceremonie-civile-parque-del-rio-velez-malaga\/#primaryimage"},"image":{"@id":"https:\/\/www.oficiantebodasciviles.es\/fr\/oficiant-ceremonie-civile-parque-del-rio-velez-malaga\/#primaryimage"},"thumbnailUrl":"https:\/\/www.oficiantebodasciviles.es\/wp-content\/uploads\/2016\/12\/Ceremonia-civil-en-Parque-del-R\u00edo-Torre-del-Mar-F03-1.jpg","datePublished":"2016-12-20T14:42:03+00:00","dateModified":"2018-10-20T10:11:44+00:00","description":"Une pr\u00e9sentation originale de la c\u00e9r\u00e9monie civile, avec la mari\u00e9e et le mari\u00e9 assis devant les invit\u00e9s, dans des fauteuils. De la part de la mari\u00e9e ne prend en compte si la robe porte cancan pour ce type de si\u00e8ges, mais ce n'\u00e9tait pas le cas et les invit\u00e9s pouvaient voir le visage du couple lors de la c\u00e9r\u00e9monie.","breadcrumb":{"@id":"https:\/\/www.oficiantebodasciviles.es\/fr\/oficiant-ceremonie-civile-parque-del-rio-velez-malaga\/#breadcrumb"},"inLanguage":"fr-FR","potentialAction":[{"@type":"ReadAction","target":["https:\/\/www.oficiantebodasciviles.es\/fr\/oficiant-ceremonie-civile-parque-del-rio-velez-malaga\/"]}]},{"@type":"ImageObject","inLanguage":"fr-FR","@id":"https:\/\/www.oficiantebodasciviles.es\/fr\/oficiant-ceremonie-civile-parque-del-rio-velez-malaga\/#primaryimage","url":"https:\/\/www.oficiantebodasciviles.es\/wp-content\/uploads\/2016\/12\/Ceremonia-civil-en-Parque-del-R\u00edo-Torre-del-Mar-F03-1.jpg","contentUrl":"https:\/\/www.oficiantebodasciviles.es\/wp-content\/uploads\/2016\/12\/Ceremonia-civil-en-Parque-del-R\u00edo-Torre-del-Mar-F03-1.jpg","width":600,"height":340},{"@type":"BreadcrumbList","@id":"https:\/\/www.oficiantebodasciviles.es\/fr\/oficiant-ceremonie-civile-parque-del-rio-velez-malaga\/#breadcrumb","itemListElement":[{"@type":"ListItem","position":1,"name":"Portada","item":"https:\/\/www.oficiantebodasciviles.es\/fr\/"},{"@type":"ListItem","position":2,"name":"Oficiant de c\u00e9r\u00e9monie civile \u00e0 Parque del R\u00edo, V\u00e9lez-M\u00e1laga"}]},{"@type":"WebSite","@id":"https:\/\/www.oficiantebodasciviles.es\/fr\/#website","url":"https:\/\/www.oficiantebodasciviles.es\/fr\/","name":"Oficiantes","description":"Bodas civiles en Andaluc\u00eda.","publisher":{"@id":"https:\/\/www.oficiantebodasciviles.es\/fr\/#organization"},"potentialAction":[{"@type":"SearchAction","target":{"@type":"EntryPoint","urlTemplate":"https:\/\/www.oficiantebodasciviles.es\/fr\/?s={search_term_string}"},"query-input":{"@type":"PropertyValueSpecification","valueRequired":true,"valueName":"search_term_string"}}],"inLanguage":"fr-FR"},{"@type":"Organization","@id":"https:\/\/www.oficiantebodasciviles.es\/fr\/#organization","name":"Oficiantes Andaluc\u00eda","url":"https:\/\/www.oficiantebodasciviles.es\/fr\/","logo":{"@type":"ImageObject","inLanguage":"fr-FR","@id":"https:\/\/www.oficiantebodasciviles.es\/fr\/#\/schema\/logo\/image\/","url":"https:\/\/www.oficiantebodasciviles.es\/wp-content\/uploads\/2016\/08\/Tarjeta-oficiante-bodas-300x300-1.png","contentUrl":"https:\/\/www.oficiantebodasciviles.es\/wp-content\/uploads\/2016\/08\/Tarjeta-oficiante-bodas-300x300-1.png","width":142,"height":136,"caption":"Oficiantes Andaluc\u00eda"},"image":{"@id":"https:\/\/www.oficiantebodasciviles.es\/fr\/#\/schema\/logo\/image\/"}},{"@type":"Person","@id":"https:\/\/www.oficiantebodasciviles.es\/fr\/#\/schema\/person\/1fc311e213a56331c781a5125d009378","name":"Antonio"}]}},"_links":{"self":[{"href":"https:\/\/www.oficiantebodasciviles.es\/fr\/wp-json\/wp\/v2\/posts\/2058","targetHints":{"allow":["GET"]}}],"collection":[{"href":"https:\/\/www.oficiantebodasciviles.es\/fr\/wp-json\/wp\/v2\/posts"}],"about":[{"href":"https:\/\/www.oficiantebodasciviles.es\/fr\/wp-json\/wp\/v2\/types\/post"}],"author":[{"embeddable":true,"href":"https:\/\/www.oficiantebodasciviles.es\/fr\/wp-json\/wp\/v2\/users\/1"}],"replies":[{"embeddable":true,"href":"https:\/\/www.oficiantebodasciviles.es\/fr\/wp-json\/wp\/v2\/comments?post=2058"}],"version-history":[{"count":3,"href":"https:\/\/www.oficiantebodasciviles.es\/fr\/wp-json\/wp\/v2\/posts\/2058\/revisions"}],"predecessor-version":[{"id":2063,"href":"https:\/\/www.oficiantebodasciviles.es\/fr\/wp-json\/wp\/v2\/posts\/2058\/revisions\/2063"}],"wp:featuredmedia":[{"embeddable":true,"href":"https:\/\/www.oficiantebodasciviles.es\/fr\/wp-json\/wp\/v2\/media\/593"}],"wp:attachment":[{"href":"https:\/\/www.oficiantebodasciviles.es\/fr\/wp-json\/wp\/v2\/media?parent=2058"}],"wp:term":[{"taxonomy":"category","embeddable":true,"href":"https:\/\/www.oficiantebodasciviles.es\/fr\/wp-json\/wp\/v2\/categories?post=2058"},{"taxonomy":"post_tag","embeddable":true,"href":"https:\/\/www.oficiantebodasciviles.es\/fr\/wp-json\/wp\/v2\/tags?post=2058"}],"curies":[{"name":"wp","href":"https:\/\/api.w.org\/{rel}","templated":true}]}}