{"id":1195,"date":"2017-05-17T13:58:19","date_gmt":"2017-05-17T13:58:19","guid":{"rendered":"http:\/\/www.oficiantebodasciviles.es\/ceremonia-civil-finca-la-concepcion-marbella\/"},"modified":"2018-10-20T11:17:27","modified_gmt":"2018-10-20T10:17:27","slug":"blessing-ceremonies-at-finca-la-concepcion-marbella","status":"publish","type":"post","link":"https:\/\/www.oficiantebodasciviles.es\/en\/blessing-ceremonies-at-finca-la-concepcion-marbella\/","title":{"rendered":"Blessing ceremonies at Finca La Concepcion, Marbella"},"content":{"rendered":"<p>The civil ceremonies in this venue ( <strong>Blessing ceremony at Finca La Concepci\u00f3n in Marbella<\/strong> ) are impregnated with tradition: In the center of this venue, a splendid manor house, which was the entrance of a church built 2 centuries ago, and beyond are still the remains of the ruins of the foundation. That gave rise to this place, which today we find full of centuries-old palm trees.<\/p>\n<p>If you want to have a symbolic civil ceremony in these elegant gardens, very close to the center of Marbella, contact us for a personal interview and talk about what you are thinking about your ceremony, what kind of ritual to include, if you want to be invited do readings Or if you bring a group of music that you play and where you can play during the ceremony. <a href=\"\/?page_id=785\" target=\"_blank\" rel=\"noopener\">We are at your disposal<\/a>\u00a0 for Blessing ceremony at Finca La Concepci\u00f3n in Marbella.<\/p>\n<div id='gallery-1' class='gallery galleryid-1195 gallery-columns-3 gallery-size-thumbnail'><figure class='gallery-item'>\n\t\t\t<div class='gallery-icon landscape'>\n\t\t\t\t<a href='https:\/\/www.oficiantebodasciviles.es\/wp-content\/uploads\/2017\/05\/Wedding-ceremony-at-Finca-La-Concepcion-in-Marbella-F01-scaled.jpg' rel=\"fancybox[1195]\"><img loading=\"lazy\" decoding=\"async\" width=\"150\" height=\"150\" src=\"https:\/\/www.oficiantebodasciviles.es\/wp-content\/uploads\/2017\/05\/Ceremonias-bodas-civiles-en-Finca-La-Concepci\u00f3n-Marbella-F05-150x150.\" class=\"attachment-thumbnail size-thumbnail\" alt=\"Blessing ceremony at Finca La Concepci\u00f3n in Marbella, blessing ceremony, vows renewal, Marbella weddings, Marbella wedding minister, Marbella officiant\" srcset=\"https:\/\/www.oficiantebodasciviles.es\/wp-content\/uploads\/2017\/05\/Ceremonias-bodas-civiles-en-Finca-La-Concepci\u00f3n-Marbella-F05-150x150. 150w, https:\/\/www.oficiantebodasciviles.es\/wp-content\/uploads\/2017\/05\/Wedding-ceremony-at-Finca-La-Concepcion-in-Marbella-F01-750x750. 750w, https:\/\/www.oficiantebodasciviles.es\/wp-content\/uploads\/2017\/05\/Ceremonias-bodas-civiles-en-Finca-La-Concepci\u00f3n-Marbella-F05-100x100. 100w, https:\/\/www.oficiantebodasciviles.es\/wp-content\/uploads\/2017\/05\/Ceremonias-bodas-civiles-en-Finca-La-Concepci\u00f3n-Marbella-F05-500x500. 500w\" sizes=\"auto, (max-width: 150px) 100vw, 150px\" \/><\/a>\n\t\t\t<\/div><\/figure><figure class='gallery-item'>\n\t\t\t<div class='gallery-icon landscape'>\n\t\t\t\t<a href='https:\/\/www.oficiantebodasciviles.es\/wp-content\/uploads\/2017\/05\/Wedding-ceremony-at-Finca-La-Concepcion-in-Marbella-F02-scaled.jpg' rel=\"fancybox[1195]\"><img loading=\"lazy\" decoding=\"async\" width=\"150\" height=\"150\" src=\"https:\/\/www.oficiantebodasciviles.es\/wp-content\/uploads\/2017\/05\/Ceremonias-bodas-civiles-en-Finca-La-Concepci\u00f3n-Marbella-F02-150x150.\" class=\"attachment-thumbnail size-thumbnail\" alt=\"Blessing ceremony at Finca La Concepci\u00f3n in Marbella, blessing ceremony, vows renewal, Marbella weddings, Marbella wedding minister, Marbella officiant\" srcset=\"https:\/\/www.oficiantebodasciviles.es\/wp-content\/uploads\/2017\/05\/Ceremonias-bodas-civiles-en-Finca-La-Concepci\u00f3n-Marbella-F02-150x150. 150w, https:\/\/www.oficiantebodasciviles.es\/wp-content\/uploads\/2017\/05\/Wedding-ceremony-at-Finca-La-Concepcion-in-Marbella-F02-750x750. 750w, https:\/\/www.oficiantebodasciviles.es\/wp-content\/uploads\/2017\/05\/Ceremonias-bodas-civiles-en-Finca-La-Concepci\u00f3n-Marbella-F02-100x100. 100w, https:\/\/www.oficiantebodasciviles.es\/wp-content\/uploads\/2017\/05\/Ceremonias-bodas-civiles-en-Finca-La-Concepci\u00f3n-Marbella-F02-500x500. 500w\" sizes=\"auto, (max-width: 150px) 100vw, 150px\" \/><\/a>\n\t\t\t<\/div><\/figure><figure class='gallery-item'>\n\t\t\t<div class='gallery-icon landscape'>\n\t\t\t\t<a href='https:\/\/www.oficiantebodasciviles.es\/wp-content\/uploads\/2017\/05\/Wedding-ceremony-at-Finca-La-Concepcion-in-Marbella-F03-scaled.jpg' rel=\"fancybox[1195]\"><img loading=\"lazy\" decoding=\"async\" width=\"150\" height=\"150\" src=\"https:\/\/www.oficiantebodasciviles.es\/wp-content\/uploads\/2017\/05\/Ceremonias-bodas-civiles-en-Finca-La-Concepci\u00f3n-Marbella-F08-150x150.\" class=\"attachment-thumbnail size-thumbnail\" alt=\"Blessing ceremony at Finca La Concepci\u00f3n in Marbella, blessing ceremony, vows renewal, Marbella weddings, Marbella wedding minister, Marbella officiant\" srcset=\"https:\/\/www.oficiantebodasciviles.es\/wp-content\/uploads\/2017\/05\/Ceremonias-bodas-civiles-en-Finca-La-Concepci\u00f3n-Marbella-F08-150x150. 150w, https:\/\/www.oficiantebodasciviles.es\/wp-content\/uploads\/2017\/05\/Wedding-ceremony-at-Finca-La-Concepcion-in-Marbella-F03-750x750. 750w, https:\/\/www.oficiantebodasciviles.es\/wp-content\/uploads\/2017\/05\/Ceremonias-bodas-civiles-en-Finca-La-Concepci\u00f3n-Marbella-F08-100x100. 100w, https:\/\/www.oficiantebodasciviles.es\/wp-content\/uploads\/2017\/05\/Ceremonias-bodas-civiles-en-Finca-La-Concepci\u00f3n-Marbella-F08-500x500. 500w\" sizes=\"auto, (max-width: 150px) 100vw, 150px\" \/><\/a>\n\t\t\t<\/div><\/figure><figure class='gallery-item'>\n\t\t\t<div class='gallery-icon landscape'>\n\t\t\t\t<a href='https:\/\/www.oficiantebodasciviles.es\/wp-content\/uploads\/2017\/05\/Wedding-ceremony-at-Finca-La-Concepcion-in-Marbella-F04-scaled.jpg' rel=\"fancybox[1195]\"><img loading=\"lazy\" decoding=\"async\" width=\"150\" height=\"150\" src=\"https:\/\/www.oficiantebodasciviles.es\/wp-content\/uploads\/2017\/05\/Ceremonias-bodas-civiles-en-Finca-La-Concepci\u00f3n-Marbella-F07-150x150.\" class=\"attachment-thumbnail size-thumbnail\" alt=\"Blessing ceremony at Finca La Concepci\u00f3n in Marbella, blessing ceremony, vows renewal, Marbella weddings, Marbella wedding minister, Marbella officiant\" srcset=\"https:\/\/www.oficiantebodasciviles.es\/wp-content\/uploads\/2017\/05\/Ceremonias-bodas-civiles-en-Finca-La-Concepci\u00f3n-Marbella-F07-150x150. 150w, https:\/\/www.oficiantebodasciviles.es\/wp-content\/uploads\/2017\/05\/Wedding-ceremony-at-Finca-La-Concepcion-in-Marbella-F04-750x750. 750w, https:\/\/www.oficiantebodasciviles.es\/wp-content\/uploads\/2017\/05\/Ceremonias-bodas-civiles-en-Finca-La-Concepci\u00f3n-Marbella-F07-100x100. 100w, https:\/\/www.oficiantebodasciviles.es\/wp-content\/uploads\/2017\/05\/Ceremonias-bodas-civiles-en-Finca-La-Concepci\u00f3n-Marbella-F07-500x500. 500w\" sizes=\"auto, (max-width: 150px) 100vw, 150px\" \/><\/a>\n\t\t\t<\/div><\/figure><figure class='gallery-item'>\n\t\t\t<div class='gallery-icon landscape'>\n\t\t\t\t<a href='https:\/\/www.oficiantebodasciviles.es\/wp-content\/uploads\/2017\/05\/Wedding-ceremony-at-Finca-La-Concepcion-in-Marbella-F05-scaled.jpg' rel=\"fancybox[1195]\"><img loading=\"lazy\" decoding=\"async\" width=\"150\" height=\"150\" src=\"https:\/\/www.oficiantebodasciviles.es\/wp-content\/uploads\/2017\/05\/Ceremonias-bodas-civiles-en-Finca-La-Concepci\u00f3n-Marbella-F06-150x150.\" class=\"attachment-thumbnail size-thumbnail\" alt=\"Blessing ceremony at Finca La Concepci\u00f3n in Marbella, blessing ceremony, vows renewal, Marbella weddings, Marbella wedding minister, Marbella officiant\" srcset=\"https:\/\/www.oficiantebodasciviles.es\/wp-content\/uploads\/2017\/05\/Ceremonias-bodas-civiles-en-Finca-La-Concepci\u00f3n-Marbella-F06-150x150. 150w, https:\/\/www.oficiantebodasciviles.es\/wp-content\/uploads\/2017\/05\/Wedding-ceremony-at-Finca-La-Concepcion-in-Marbella-F05-750x750. 750w, https:\/\/www.oficiantebodasciviles.es\/wp-content\/uploads\/2017\/05\/Ceremonias-bodas-civiles-en-Finca-La-Concepci\u00f3n-Marbella-F06-100x100. 100w, https:\/\/www.oficiantebodasciviles.es\/wp-content\/uploads\/2017\/05\/Ceremonias-bodas-civiles-en-Finca-La-Concepci\u00f3n-Marbella-F06-500x500. 500w\" sizes=\"auto, (max-width: 150px) 100vw, 150px\" \/><\/a>\n\t\t\t<\/div><\/figure><figure class='gallery-item'>\n\t\t\t<div class='gallery-icon landscape'>\n\t\t\t\t<a href='https:\/\/www.oficiantebodasciviles.es\/wp-content\/uploads\/2017\/05\/Wedding-ceremony-at-Finca-La-Concepcion-in-Marbella-F06-scaled.jpg' rel=\"fancybox[1195]\"><img loading=\"lazy\" decoding=\"async\" width=\"150\" height=\"150\" src=\"https:\/\/www.oficiantebodasciviles.es\/wp-content\/uploads\/2017\/05\/Ceremonias-bodas-civiles-en-Finca-La-Concepci\u00f3n-Marbella-F04-150x150.\" class=\"attachment-thumbnail size-thumbnail\" alt=\"Blessing ceremony at Finca La Concepci\u00f3n in Marbella, blessing ceremony, vows renewal, Marbella weddings, Marbella wedding minister, Marbella officiant\" srcset=\"https:\/\/www.oficiantebodasciviles.es\/wp-content\/uploads\/2017\/05\/Ceremonias-bodas-civiles-en-Finca-La-Concepci\u00f3n-Marbella-F04-150x150. 150w, https:\/\/www.oficiantebodasciviles.es\/wp-content\/uploads\/2017\/05\/Wedding-ceremony-at-Finca-La-Concepcion-in-Marbella-F06-750x750. 750w, https:\/\/www.oficiantebodasciviles.es\/wp-content\/uploads\/2017\/05\/Ceremonias-bodas-civiles-en-Finca-La-Concepci\u00f3n-Marbella-F04-100x100. 100w, https:\/\/www.oficiantebodasciviles.es\/wp-content\/uploads\/2017\/05\/Ceremonias-bodas-civiles-en-Finca-La-Concepci\u00f3n-Marbella-F04-500x500. 500w\" sizes=\"auto, (max-width: 150px) 100vw, 150px\" \/><\/a>\n\t\t\t<\/div><\/figure><figure class='gallery-item'>\n\t\t\t<div class='gallery-icon landscape'>\n\t\t\t\t<a href='https:\/\/www.oficiantebodasciviles.es\/wp-content\/uploads\/2017\/05\/Wedding-ceremony-at-Finca-La-Concepcion-in-Marbella-F07-scaled.jpg' rel=\"fancybox[1195]\"><img loading=\"lazy\" decoding=\"async\" width=\"150\" height=\"150\" src=\"https:\/\/www.oficiantebodasciviles.es\/wp-content\/uploads\/2017\/05\/Ceremonias-bodas-civiles-en-Finca-La-Concepci\u00f3n-Marbella-F01-150x150.\" class=\"attachment-thumbnail size-thumbnail\" alt=\"Blessing ceremony at Finca La Concepci\u00f3n in Marbella, blessing ceremony, vows renewal, Marbella weddings, Marbella wedding minister, Marbella officiant\" srcset=\"https:\/\/www.oficiantebodasciviles.es\/wp-content\/uploads\/2017\/05\/Ceremonias-bodas-civiles-en-Finca-La-Concepci\u00f3n-Marbella-F01-150x150. 150w, https:\/\/www.oficiantebodasciviles.es\/wp-content\/uploads\/2017\/05\/Wedding-ceremony-at-Finca-La-Concepcion-in-Marbella-F07-750x750. 750w, https:\/\/www.oficiantebodasciviles.es\/wp-content\/uploads\/2017\/05\/Ceremonias-bodas-civiles-en-Finca-La-Concepci\u00f3n-Marbella-F01-100x100. 100w, https:\/\/www.oficiantebodasciviles.es\/wp-content\/uploads\/2017\/05\/Ceremonias-bodas-civiles-en-Finca-La-Concepci\u00f3n-Marbella-F01-500x500. 500w\" sizes=\"auto, (max-width: 150px) 100vw, 150px\" \/><\/a>\n\t\t\t<\/div><\/figure><figure class='gallery-item'>\n\t\t\t<div class='gallery-icon landscape'>\n\t\t\t\t<a href='https:\/\/www.oficiantebodasciviles.es\/wp-content\/uploads\/2017\/05\/Wedding-ceremony-at-Finca-La-Concepcion-in-Marbella-F08-scaled.jpg' rel=\"fancybox[1195]\"><img loading=\"lazy\" decoding=\"async\" width=\"150\" height=\"150\" src=\"https:\/\/www.oficiantebodasciviles.es\/wp-content\/uploads\/2017\/05\/Ceremonias-bodas-civiles-en-Finca-La-Concepci\u00f3n-Marbella-F09-150x150.\" class=\"attachment-thumbnail size-thumbnail\" alt=\"Blessing ceremony at Finca La Concepci\u00f3n in Marbella, blessing ceremony, vows renewal, Marbella weddings, Marbella wedding minister, Marbella officiant\" srcset=\"https:\/\/www.oficiantebodasciviles.es\/wp-content\/uploads\/2017\/05\/Ceremonias-bodas-civiles-en-Finca-La-Concepci\u00f3n-Marbella-F09-150x150. 150w, https:\/\/www.oficiantebodasciviles.es\/wp-content\/uploads\/2017\/05\/Wedding-ceremony-at-Finca-La-Concepcion-in-Marbella-F08-750x750. 750w, https:\/\/www.oficiantebodasciviles.es\/wp-content\/uploads\/2017\/05\/Ceremonias-bodas-civiles-en-Finca-La-Concepci\u00f3n-Marbella-F09-100x100. 100w, https:\/\/www.oficiantebodasciviles.es\/wp-content\/uploads\/2017\/05\/Ceremonias-bodas-civiles-en-Finca-La-Concepci\u00f3n-Marbella-F09-500x500. 500w\" sizes=\"auto, (max-width: 150px) 100vw, 150px\" \/><\/a>\n\t\t\t<\/div><\/figure><figure class='gallery-item'>\n\t\t\t<div class='gallery-icon landscape'>\n\t\t\t\t<a href='https:\/\/www.oficiantebodasciviles.es\/wp-content\/uploads\/2017\/05\/Wedding-ceremony-at-Finca-La-Concepcion-in-Marbella-F09-scaled.jpg' rel=\"fancybox[1195]\"><img loading=\"lazy\" decoding=\"async\" width=\"150\" height=\"150\" src=\"https:\/\/www.oficiantebodasciviles.es\/wp-content\/uploads\/2017\/05\/Ceremonias-bodas-civiles-en-Finca-La-Concepci\u00f3n-Marbella-F10-150x150.\" class=\"attachment-thumbnail size-thumbnail\" alt=\"Blessing ceremony at Finca La Concepci\u00f3n in Marbella, blessing ceremony, vows renewal, Marbella weddings, Marbella wedding minister, Marbella officiant\" srcset=\"https:\/\/www.oficiantebodasciviles.es\/wp-content\/uploads\/2017\/05\/Ceremonias-bodas-civiles-en-Finca-La-Concepci\u00f3n-Marbella-F10-150x150. 150w, https:\/\/www.oficiantebodasciviles.es\/wp-content\/uploads\/2017\/05\/Wedding-ceremony-at-Finca-La-Concepcion-in-Marbella-F09-750x750. 750w, https:\/\/www.oficiantebodasciviles.es\/wp-content\/uploads\/2017\/05\/Ceremonias-bodas-civiles-en-Finca-La-Concepci\u00f3n-Marbella-F10-100x100. 100w, https:\/\/www.oficiantebodasciviles.es\/wp-content\/uploads\/2017\/05\/Ceremonias-bodas-civiles-en-Finca-La-Concepci\u00f3n-Marbella-F10-500x500. 500w\" sizes=\"auto, (max-width: 150px) 100vw, 150px\" \/><\/a>\n\t\t\t<\/div><\/figure>\n\t\t<\/div>\n\n","protected":false},"excerpt":{"rendered":"<p>The civil ceremonies in this venue ( Blessing ceremony at Finca La Concepci\u00f3n in Marbella ) are impregnated with tradition: In the center of this venue, a splendid manor house, which was the entrance of a church built 2 centuries ago, and beyond are still the remains of the ruins[&#8230;]<\/p>\n","protected":false},"author":1,"featured_media":983,"comment_status":"closed","ping_status":"closed","sticky":false,"template":"","format":"standard","meta":{"footnotes":""},"categories":[42],"tags":[99,432,433,439,438,97,98,436,437,76,96,435,434],"class_list":["post-1195","post","type-post","status-publish","format-standard","has-post-thumbnail","hentry","category-blessing-ceremonies","tag-blessing-marbella","tag-borgerliga-brollop","tag-borgerliga-brollopsceremonier-pa-svenska","tag-burgerlijk-huwelijk-in-het-nederlands","tag-burgerlijke-huwelijken","tag-celebrant-marbella","tag-officiant-marbella","tag-standesamtliche-trauungen","tag-standesamtliche-trauungen-in-deutscher-sprache","tag-wedding-minister-malaga-en","tag-wedding-miniter-marbella-en","tag-435","tag-434"],"yoast_head":"<!-- This site is optimized with the Yoast SEO plugin v27.5 - https:\/\/yoast.com\/product\/yoast-seo-wordpress\/ -->\n<title>Blessing ceremony at Finca La Concepci\u00f3n in Marbella<\/title>\n<meta name=\"description\" content=\"Blessing ceremony at Finca La Concepci\u00f3n in Marbella: Civil ceremonies in this venue are impregnated with tradition. Amidst a beautiful and natural paradise\" \/>\n<meta name=\"robots\" content=\"index, follow, max-snippet:-1, max-image-preview:large, max-video-preview:-1\" \/>\n<link rel=\"canonical\" href=\"https:\/\/www.oficiantebodasciviles.es\/en\/blessing-ceremonies-at-finca-la-concepcion-marbella\/\" \/>\n<meta property=\"og:locale\" content=\"en_US\" \/>\n<meta property=\"og:type\" content=\"article\" \/>\n<meta property=\"og:title\" content=\"Blessing ceremony at Finca La Concepci\u00f3n in Marbella\" \/>\n<meta property=\"og:description\" content=\"Blessing ceremony at Finca La Concepci\u00f3n in Marbella: Civil ceremonies in this venue are impregnated with tradition. Amidst a beautiful and natural paradise\" \/>\n<meta property=\"og:url\" content=\"https:\/\/www.oficiantebodasciviles.es\/en\/blessing-ceremonies-at-finca-la-concepcion-marbella\/\" \/>\n<meta property=\"og:site_name\" content=\"Wedding minister Malaga\" \/>\n<meta property=\"article:published_time\" content=\"2017-05-17T13:58:19+00:00\" \/>\n<meta property=\"article:modified_time\" content=\"2018-10-20T10:17:27+00:00\" \/>\n<meta property=\"og:image\" content=\"https:\/\/www.oficiantebodasciviles.es\/wp-content\/uploads\/2017\/05\/Ceremonias-bodas-civiles-en-Finca-La-Concepci\u00f3n-Marbella-F05-1024x575.\" \/>\n\t<meta property=\"og:image:width\" content=\"1024\" \/>\n\t<meta property=\"og:image:height\" content=\"575\" \/>\n\t<meta property=\"og:image:type\" content=\"image\/jpeg\" \/>\n<meta name=\"author\" content=\"Antonio\" \/>\n<meta name=\"twitter:card\" content=\"summary_large_image\" \/>\n<meta name=\"twitter:label1\" content=\"Written by\" \/>\n\t<meta name=\"twitter:data1\" content=\"Antonio\" \/>\n\t<meta name=\"twitter:label2\" content=\"Est. reading time\" \/>\n\t<meta name=\"twitter:data2\" content=\"1 minute\" \/>\n<script type=\"application\/ld+json\" class=\"yoast-schema-graph\">{\"@context\":\"https:\\\/\\\/schema.org\",\"@graph\":[{\"@type\":\"Article\",\"@id\":\"https:\\\/\\\/www.oficiantebodasciviles.es\\\/en\\\/blessing-ceremonies-at-finca-la-concepcion-marbella\\\/#article\",\"isPartOf\":{\"@id\":\"https:\\\/\\\/www.oficiantebodasciviles.es\\\/en\\\/blessing-ceremonies-at-finca-la-concepcion-marbella\\\/\"},\"author\":{\"name\":\"Antonio\",\"@id\":\"https:\\\/\\\/www.oficiantebodasciviles.es\\\/en\\\/#\\\/schema\\\/person\\\/1fc311e213a56331c781a5125d009378\"},\"headline\":\"Blessing ceremonies at Finca La Concepcion, Marbella\",\"datePublished\":\"2017-05-17T13:58:19+00:00\",\"dateModified\":\"2018-10-20T10:17:27+00:00\",\"mainEntityOfPage\":{\"@id\":\"https:\\\/\\\/www.oficiantebodasciviles.es\\\/en\\\/blessing-ceremonies-at-finca-la-concepcion-marbella\\\/\"},\"wordCount\":161,\"publisher\":{\"@id\":\"https:\\\/\\\/www.oficiantebodasciviles.es\\\/en\\\/#organization\"},\"image\":{\"@id\":\"https:\\\/\\\/www.oficiantebodasciviles.es\\\/en\\\/blessing-ceremonies-at-finca-la-concepcion-marbella\\\/#primaryimage\"},\"thumbnailUrl\":\"https:\\\/\\\/www.oficiantebodasciviles.es\\\/wp-content\\\/uploads\\\/2017\\\/05\\\/Wedding-ceremony-at-Finca-La-Concepcion-in-Marbella-F01-scaled.jpg\",\"keywords\":[\"Blessing Marbella\",\"Borgerliga br\u00f6llop\",\"borgerliga br\u00f6llopsceremonier p\u00e5 svenska\",\"burgerlijk huwelijk in het Nederlands\",\"Burgerlijke huwelijken\",\"celebrant Marbella\",\"Officiant Marbella\",\"Standesamtliche Trauungen\",\"standesamtliche Trauungen in deutscher Sprache\",\"wedding minister Malaga\",\"wedding miniter Marbella\",\"\u0433\u0440\u0430\u0436\u0434\u0430\u043d\u0441\u043a\u0438\u0435 \u0441\u0432\u0430\u0434\u0435\u0431\u043d\u044b\u0435 \u0446\u0435\u0440\u0435\u043c\u043e\u043d\u0438\u0438 \u043d\u0430 \u0440\u0443\u0441\u0441\u043a\u043e\u043c \u044f\u0437\u044b\u043a\u0435\",\"\u0413\u0440\u0430\u0436\u0434\u0430\u043d\u0441\u043a\u0438\u0435 \u0441\u0432\u0430\u0434\u044c\u0431\u044b\"],\"articleSection\":[\"Blessing Ceremonies\"],\"inLanguage\":\"en-US\"},{\"@type\":\"WebPage\",\"@id\":\"https:\\\/\\\/www.oficiantebodasciviles.es\\\/en\\\/blessing-ceremonies-at-finca-la-concepcion-marbella\\\/\",\"url\":\"https:\\\/\\\/www.oficiantebodasciviles.es\\\/en\\\/blessing-ceremonies-at-finca-la-concepcion-marbella\\\/\",\"name\":\"Blessing ceremony at Finca La Concepci\u00f3n in Marbella\",\"isPartOf\":{\"@id\":\"https:\\\/\\\/www.oficiantebodasciviles.es\\\/en\\\/#website\"},\"primaryImageOfPage\":{\"@id\":\"https:\\\/\\\/www.oficiantebodasciviles.es\\\/en\\\/blessing-ceremonies-at-finca-la-concepcion-marbella\\\/#primaryimage\"},\"image\":{\"@id\":\"https:\\\/\\\/www.oficiantebodasciviles.es\\\/en\\\/blessing-ceremonies-at-finca-la-concepcion-marbella\\\/#primaryimage\"},\"thumbnailUrl\":\"https:\\\/\\\/www.oficiantebodasciviles.es\\\/wp-content\\\/uploads\\\/2017\\\/05\\\/Wedding-ceremony-at-Finca-La-Concepcion-in-Marbella-F01-scaled.jpg\",\"datePublished\":\"2017-05-17T13:58:19+00:00\",\"dateModified\":\"2018-10-20T10:17:27+00:00\",\"description\":\"Blessing ceremony at Finca La Concepci\u00f3n in Marbella: Civil ceremonies in this venue are impregnated with tradition. Amidst a beautiful and natural paradise\",\"breadcrumb\":{\"@id\":\"https:\\\/\\\/www.oficiantebodasciviles.es\\\/en\\\/blessing-ceremonies-at-finca-la-concepcion-marbella\\\/#breadcrumb\"},\"inLanguage\":\"en-US\",\"potentialAction\":[{\"@type\":\"ReadAction\",\"target\":[\"https:\\\/\\\/www.oficiantebodasciviles.es\\\/en\\\/blessing-ceremonies-at-finca-la-concepcion-marbella\\\/\"]}]},{\"@type\":\"ImageObject\",\"inLanguage\":\"en-US\",\"@id\":\"https:\\\/\\\/www.oficiantebodasciviles.es\\\/en\\\/blessing-ceremonies-at-finca-la-concepcion-marbella\\\/#primaryimage\",\"url\":\"https:\\\/\\\/www.oficiantebodasciviles.es\\\/wp-content\\\/uploads\\\/2017\\\/05\\\/Wedding-ceremony-at-Finca-La-Concepcion-in-Marbella-F01-scaled.jpg\",\"contentUrl\":\"https:\\\/\\\/www.oficiantebodasciviles.es\\\/wp-content\\\/uploads\\\/2017\\\/05\\\/Wedding-ceremony-at-Finca-La-Concepcion-in-Marbella-F01-scaled.jpg\",\"width\":2560,\"height\":1438,\"caption\":\"Blessing ceremony at Finca La Concepci\u00f3n in Marbella, blessing ceremony, vows renewal, Marbella weddings, Marbella wedding minister, Marbella officiant\"},{\"@type\":\"BreadcrumbList\",\"@id\":\"https:\\\/\\\/www.oficiantebodasciviles.es\\\/en\\\/blessing-ceremonies-at-finca-la-concepcion-marbella\\\/#breadcrumb\",\"itemListElement\":[{\"@type\":\"ListItem\",\"position\":1,\"name\":\"Portada\",\"item\":\"https:\\\/\\\/www.oficiantebodasciviles.es\\\/en\\\/\"},{\"@type\":\"ListItem\",\"position\":2,\"name\":\"Blessing ceremonies at Finca La Concepcion, Marbella\"}]},{\"@type\":\"WebSite\",\"@id\":\"https:\\\/\\\/www.oficiantebodasciviles.es\\\/en\\\/#website\",\"url\":\"https:\\\/\\\/www.oficiantebodasciviles.es\\\/en\\\/\",\"name\":\"Oficiantes\",\"description\":\"Bodas civiles en Andaluc\u00eda.\",\"publisher\":{\"@id\":\"https:\\\/\\\/www.oficiantebodasciviles.es\\\/en\\\/#organization\"},\"potentialAction\":[{\"@type\":\"SearchAction\",\"target\":{\"@type\":\"EntryPoint\",\"urlTemplate\":\"https:\\\/\\\/www.oficiantebodasciviles.es\\\/en\\\/?s={search_term_string}\"},\"query-input\":{\"@type\":\"PropertyValueSpecification\",\"valueRequired\":true,\"valueName\":\"search_term_string\"}}],\"inLanguage\":\"en-US\"},{\"@type\":\"Organization\",\"@id\":\"https:\\\/\\\/www.oficiantebodasciviles.es\\\/en\\\/#organization\",\"name\":\"Oficiantes Andaluc\u00eda\",\"url\":\"https:\\\/\\\/www.oficiantebodasciviles.es\\\/en\\\/\",\"logo\":{\"@type\":\"ImageObject\",\"inLanguage\":\"en-US\",\"@id\":\"https:\\\/\\\/www.oficiantebodasciviles.es\\\/en\\\/#\\\/schema\\\/logo\\\/image\\\/\",\"url\":\"https:\\\/\\\/www.oficiantebodasciviles.es\\\/wp-content\\\/uploads\\\/2016\\\/08\\\/Tarjeta-oficiante-bodas-300x300-1.png\",\"contentUrl\":\"https:\\\/\\\/www.oficiantebodasciviles.es\\\/wp-content\\\/uploads\\\/2016\\\/08\\\/Tarjeta-oficiante-bodas-300x300-1.png\",\"width\":142,\"height\":136,\"caption\":\"Oficiantes Andaluc\u00eda\"},\"image\":{\"@id\":\"https:\\\/\\\/www.oficiantebodasciviles.es\\\/en\\\/#\\\/schema\\\/logo\\\/image\\\/\"}},{\"@type\":\"Person\",\"@id\":\"https:\\\/\\\/www.oficiantebodasciviles.es\\\/en\\\/#\\\/schema\\\/person\\\/1fc311e213a56331c781a5125d009378\",\"name\":\"Antonio\"}]}<\/script>\n<!-- \/ Yoast SEO plugin. -->","yoast_head_json":{"title":"Blessing ceremony at Finca La Concepci\u00f3n in Marbella","description":"Blessing ceremony at Finca La Concepci\u00f3n in Marbella: Civil ceremonies in this venue are impregnated with tradition. Amidst a beautiful and natural paradise","robots":{"index":"index","follow":"follow","max-snippet":"max-snippet:-1","max-image-preview":"max-image-preview:large","max-video-preview":"max-video-preview:-1"},"canonical":"https:\/\/www.oficiantebodasciviles.es\/en\/blessing-ceremonies-at-finca-la-concepcion-marbella\/","og_locale":"en_US","og_type":"article","og_title":"Blessing ceremony at Finca La Concepci\u00f3n in Marbella","og_description":"Blessing ceremony at Finca La Concepci\u00f3n in Marbella: Civil ceremonies in this venue are impregnated with tradition. Amidst a beautiful and natural paradise","og_url":"https:\/\/www.oficiantebodasciviles.es\/en\/blessing-ceremonies-at-finca-la-concepcion-marbella\/","og_site_name":"Wedding minister Malaga","article_published_time":"2017-05-17T13:58:19+00:00","article_modified_time":"2018-10-20T10:17:27+00:00","og_image":[{"width":1024,"height":575,"url":"https:\/\/www.oficiantebodasciviles.es\/wp-content\/uploads\/2017\/05\/Ceremonias-bodas-civiles-en-Finca-La-Concepci\u00f3n-Marbella-F05-1024x575.","type":"image\/jpeg"}],"author":"Antonio","twitter_card":"summary_large_image","twitter_misc":{"Written by":"Antonio","Est. reading time":"1 minute"},"schema":{"@context":"https:\/\/schema.org","@graph":[{"@type":"Article","@id":"https:\/\/www.oficiantebodasciviles.es\/en\/blessing-ceremonies-at-finca-la-concepcion-marbella\/#article","isPartOf":{"@id":"https:\/\/www.oficiantebodasciviles.es\/en\/blessing-ceremonies-at-finca-la-concepcion-marbella\/"},"author":{"name":"Antonio","@id":"https:\/\/www.oficiantebodasciviles.es\/en\/#\/schema\/person\/1fc311e213a56331c781a5125d009378"},"headline":"Blessing ceremonies at Finca La Concepcion, Marbella","datePublished":"2017-05-17T13:58:19+00:00","dateModified":"2018-10-20T10:17:27+00:00","mainEntityOfPage":{"@id":"https:\/\/www.oficiantebodasciviles.es\/en\/blessing-ceremonies-at-finca-la-concepcion-marbella\/"},"wordCount":161,"publisher":{"@id":"https:\/\/www.oficiantebodasciviles.es\/en\/#organization"},"image":{"@id":"https:\/\/www.oficiantebodasciviles.es\/en\/blessing-ceremonies-at-finca-la-concepcion-marbella\/#primaryimage"},"thumbnailUrl":"https:\/\/www.oficiantebodasciviles.es\/wp-content\/uploads\/2017\/05\/Wedding-ceremony-at-Finca-La-Concepcion-in-Marbella-F01-scaled.jpg","keywords":["Blessing Marbella","Borgerliga br\u00f6llop","borgerliga br\u00f6llopsceremonier p\u00e5 svenska","burgerlijk huwelijk in het Nederlands","Burgerlijke huwelijken","celebrant Marbella","Officiant Marbella","Standesamtliche Trauungen","standesamtliche Trauungen in deutscher Sprache","wedding minister Malaga","wedding miniter Marbella","\u0433\u0440\u0430\u0436\u0434\u0430\u043d\u0441\u043a\u0438\u0435 \u0441\u0432\u0430\u0434\u0435\u0431\u043d\u044b\u0435 \u0446\u0435\u0440\u0435\u043c\u043e\u043d\u0438\u0438 \u043d\u0430 \u0440\u0443\u0441\u0441\u043a\u043e\u043c \u044f\u0437\u044b\u043a\u0435","\u0413\u0440\u0430\u0436\u0434\u0430\u043d\u0441\u043a\u0438\u0435 \u0441\u0432\u0430\u0434\u044c\u0431\u044b"],"articleSection":["Blessing Ceremonies"],"inLanguage":"en-US"},{"@type":"WebPage","@id":"https:\/\/www.oficiantebodasciviles.es\/en\/blessing-ceremonies-at-finca-la-concepcion-marbella\/","url":"https:\/\/www.oficiantebodasciviles.es\/en\/blessing-ceremonies-at-finca-la-concepcion-marbella\/","name":"Blessing ceremony at Finca La Concepci\u00f3n in Marbella","isPartOf":{"@id":"https:\/\/www.oficiantebodasciviles.es\/en\/#website"},"primaryImageOfPage":{"@id":"https:\/\/www.oficiantebodasciviles.es\/en\/blessing-ceremonies-at-finca-la-concepcion-marbella\/#primaryimage"},"image":{"@id":"https:\/\/www.oficiantebodasciviles.es\/en\/blessing-ceremonies-at-finca-la-concepcion-marbella\/#primaryimage"},"thumbnailUrl":"https:\/\/www.oficiantebodasciviles.es\/wp-content\/uploads\/2017\/05\/Wedding-ceremony-at-Finca-La-Concepcion-in-Marbella-F01-scaled.jpg","datePublished":"2017-05-17T13:58:19+00:00","dateModified":"2018-10-20T10:17:27+00:00","description":"Blessing ceremony at Finca La Concepci\u00f3n in Marbella: Civil ceremonies in this venue are impregnated with tradition. Amidst a beautiful and natural paradise","breadcrumb":{"@id":"https:\/\/www.oficiantebodasciviles.es\/en\/blessing-ceremonies-at-finca-la-concepcion-marbella\/#breadcrumb"},"inLanguage":"en-US","potentialAction":[{"@type":"ReadAction","target":["https:\/\/www.oficiantebodasciviles.es\/en\/blessing-ceremonies-at-finca-la-concepcion-marbella\/"]}]},{"@type":"ImageObject","inLanguage":"en-US","@id":"https:\/\/www.oficiantebodasciviles.es\/en\/blessing-ceremonies-at-finca-la-concepcion-marbella\/#primaryimage","url":"https:\/\/www.oficiantebodasciviles.es\/wp-content\/uploads\/2017\/05\/Wedding-ceremony-at-Finca-La-Concepcion-in-Marbella-F01-scaled.jpg","contentUrl":"https:\/\/www.oficiantebodasciviles.es\/wp-content\/uploads\/2017\/05\/Wedding-ceremony-at-Finca-La-Concepcion-in-Marbella-F01-scaled.jpg","width":2560,"height":1438,"caption":"Blessing ceremony at Finca La Concepci\u00f3n in Marbella, blessing ceremony, vows renewal, Marbella weddings, Marbella wedding minister, Marbella officiant"},{"@type":"BreadcrumbList","@id":"https:\/\/www.oficiantebodasciviles.es\/en\/blessing-ceremonies-at-finca-la-concepcion-marbella\/#breadcrumb","itemListElement":[{"@type":"ListItem","position":1,"name":"Portada","item":"https:\/\/www.oficiantebodasciviles.es\/en\/"},{"@type":"ListItem","position":2,"name":"Blessing ceremonies at Finca La Concepcion, Marbella"}]},{"@type":"WebSite","@id":"https:\/\/www.oficiantebodasciviles.es\/en\/#website","url":"https:\/\/www.oficiantebodasciviles.es\/en\/","name":"Oficiantes","description":"Bodas civiles en Andaluc\u00eda.","publisher":{"@id":"https:\/\/www.oficiantebodasciviles.es\/en\/#organization"},"potentialAction":[{"@type":"SearchAction","target":{"@type":"EntryPoint","urlTemplate":"https:\/\/www.oficiantebodasciviles.es\/en\/?s={search_term_string}"},"query-input":{"@type":"PropertyValueSpecification","valueRequired":true,"valueName":"search_term_string"}}],"inLanguage":"en-US"},{"@type":"Organization","@id":"https:\/\/www.oficiantebodasciviles.es\/en\/#organization","name":"Oficiantes Andaluc\u00eda","url":"https:\/\/www.oficiantebodasciviles.es\/en\/","logo":{"@type":"ImageObject","inLanguage":"en-US","@id":"https:\/\/www.oficiantebodasciviles.es\/en\/#\/schema\/logo\/image\/","url":"https:\/\/www.oficiantebodasciviles.es\/wp-content\/uploads\/2016\/08\/Tarjeta-oficiante-bodas-300x300-1.png","contentUrl":"https:\/\/www.oficiantebodasciviles.es\/wp-content\/uploads\/2016\/08\/Tarjeta-oficiante-bodas-300x300-1.png","width":142,"height":136,"caption":"Oficiantes Andaluc\u00eda"},"image":{"@id":"https:\/\/www.oficiantebodasciviles.es\/en\/#\/schema\/logo\/image\/"}},{"@type":"Person","@id":"https:\/\/www.oficiantebodasciviles.es\/en\/#\/schema\/person\/1fc311e213a56331c781a5125d009378","name":"Antonio"}]}},"_links":{"self":[{"href":"https:\/\/www.oficiantebodasciviles.es\/en\/wp-json\/wp\/v2\/posts\/1195","targetHints":{"allow":["GET"]}}],"collection":[{"href":"https:\/\/www.oficiantebodasciviles.es\/en\/wp-json\/wp\/v2\/posts"}],"about":[{"href":"https:\/\/www.oficiantebodasciviles.es\/en\/wp-json\/wp\/v2\/types\/post"}],"author":[{"embeddable":true,"href":"https:\/\/www.oficiantebodasciviles.es\/en\/wp-json\/wp\/v2\/users\/1"}],"replies":[{"embeddable":true,"href":"https:\/\/www.oficiantebodasciviles.es\/en\/wp-json\/wp\/v2\/comments?post=1195"}],"version-history":[{"count":9,"href":"https:\/\/www.oficiantebodasciviles.es\/en\/wp-json\/wp\/v2\/posts\/1195\/revisions"}],"predecessor-version":[{"id":1204,"href":"https:\/\/www.oficiantebodasciviles.es\/en\/wp-json\/wp\/v2\/posts\/1195\/revisions\/1204"}],"wp:featuredmedia":[{"embeddable":true,"href":"https:\/\/www.oficiantebodasciviles.es\/en\/wp-json\/wp\/v2\/media\/983"}],"wp:attachment":[{"href":"https:\/\/www.oficiantebodasciviles.es\/en\/wp-json\/wp\/v2\/media?parent=1195"}],"wp:term":[{"taxonomy":"category","embeddable":true,"href":"https:\/\/www.oficiantebodasciviles.es\/en\/wp-json\/wp\/v2\/categories?post=1195"},{"taxonomy":"post_tag","embeddable":true,"href":"https:\/\/www.oficiantebodasciviles.es\/en\/wp-json\/wp\/v2\/tags?post=1195"}],"curies":[{"name":"wp","href":"https:\/\/api.w.org\/{rel}","templated":true}]}}