{"id":3488,"date":"2019-07-29T15:06:01","date_gmt":"2019-07-29T14:06:01","guid":{"rendered":"http:\/\/www.oficiantebodasciviles.es\/zeremonienmeister-bei-vincci-estrella-del-mar-auf-franzosisch\/"},"modified":"2019-07-29T15:06:01","modified_gmt":"2019-07-29T14:06:01","slug":"zeremonienmeister-bei-vincci-estrella-del-mar-auf-franzosisch","status":"publish","type":"post","link":"https:\/\/www.oficiantebodasciviles.es\/de\/zeremonienmeister-bei-vincci-estrella-del-mar-auf-franzosisch\/","title":{"rendered":"Zeremonienmeister bei Vincci Estrella del Mar, auf Franz\u00f6sisch"},"content":{"rendered":"<p>Der <strong>Meister<\/strong> der <strong>Zeremonien<\/strong> in Wei\u00df, die G\u00e4ste in wei\u00df und die Braut und Br\u00e4utigam in Farbe, mit dem Meer im Hintergrund. Die M\u00f6glichkeit einer Hochzeit am Strand, Strand, auf dem Sand kann Unbehagen zu den G\u00e4sten bringen, f\u00fcr die Schuhe, f\u00fcr den Spaziergang auf dem Sand&#8230; In diesem Hotel haben wir die M\u00f6glichkeit, die Hochzeit auf dem Rasen zu feiern, mit dem Meer im Hintergrund. Eine sehr interessante Option, um das Meer und den Strand mit anderen Annehmlichkeiten weiterhin zu genie\u00dfen.<\/p>\n<p><img loading=\"lazy\" decoding=\"async\" class=\"alignnone size-medium wp-image-616\" src=\"http:\/\/www.oficiantebodasciviles.es\/wp-content\/uploads\/2016\/12\/Officiant-de-c\u00e9r\u00e9monie-en-fran\u00e7ais-\u00e0-Marbella-F3-300x168.jpg\" alt=\"Officiant de c\u00e9r\u00e9monie en fran'ais' Marbella\" width=\"300\" height=\"168\" srcset=\"https:\/\/www.oficiantebodasciviles.es\/wp-content\/uploads\/2016\/12\/Officiant-de-c\u00e9r\u00e9monie-en-fran\u00e7ais-\u00e0-Marbella-F3-300x168.jpg 300w, https:\/\/www.oficiantebodasciviles.es\/wp-content\/uploads\/2016\/12\/Officiant-de-c\u00e9r\u00e9monie-en-fran\u00e7ais-\u00e0-Marbella-F3-560x315.jpg 560w, https:\/\/www.oficiantebodasciviles.es\/wp-content\/uploads\/2016\/12\/Officiant-de-c\u00e9r\u00e9monie-en-fran\u00e7ais-\u00e0-Marbella-F3-768x431.jpg 768w, https:\/\/www.oficiantebodasciviles.es\/wp-content\/uploads\/2016\/12\/Officiant-de-c\u00e9r\u00e9monie-en-fran\u00e7ais-\u00e0-Marbella-F3-1024x575.jpg 1024w, https:\/\/www.oficiantebodasciviles.es\/wp-content\/uploads\/2016\/12\/Officiant-de-c\u00e9r\u00e9monie-en-fran\u00e7ais-\u00e0-Marbella-F3-750x421.jpg 750w\" sizes=\"auto, (max-width: 300px) 100vw, 300px\" \/> <img loading=\"lazy\" decoding=\"async\" class=\"alignnone size-medium wp-image-619\" src=\"http:\/\/www.oficiantebodasciviles.es\/wp-content\/uploads\/2016\/12\/Officiant-de-c\u00e9r\u00e9monie-en-fran\u00e7ais-\u00e0-Marbella-F4-300x168.jpg\" alt=\"Officiant de c\u00e9r\u00e9monie en fran'ais' Marbella\" width=\"300\" height=\"168\" srcset=\"https:\/\/www.oficiantebodasciviles.es\/wp-content\/uploads\/2016\/12\/Officiant-de-c\u00e9r\u00e9monie-en-fran\u00e7ais-\u00e0-Marbella-F4-300x168.jpg 300w, https:\/\/www.oficiantebodasciviles.es\/wp-content\/uploads\/2016\/12\/Officiant-de-c\u00e9r\u00e9monie-en-fran\u00e7ais-\u00e0-Marbella-F4-560x314.jpg 560w, https:\/\/www.oficiantebodasciviles.es\/wp-content\/uploads\/2016\/12\/Officiant-de-c\u00e9r\u00e9monie-en-fran\u00e7ais-\u00e0-Marbella-F4-768x431.jpg 768w, https:\/\/www.oficiantebodasciviles.es\/wp-content\/uploads\/2016\/12\/Officiant-de-c\u00e9r\u00e9monie-en-fran\u00e7ais-\u00e0-Marbella-F4-1024x575.jpg 1024w, https:\/\/www.oficiantebodasciviles.es\/wp-content\/uploads\/2016\/12\/Officiant-de-c\u00e9r\u00e9monie-en-fran\u00e7ais-\u00e0-Marbella-F4-750x421.jpg 750w\" sizes=\"auto, (max-width: 300px) 100vw, 300px\" \/> <img loading=\"lazy\" decoding=\"async\" class=\"alignnone size-medium wp-image-622\" src=\"http:\/\/www.oficiantebodasciviles.es\/wp-content\/uploads\/2016\/12\/Officiant-de-c\u00e9r\u00e9monie-en-fran\u00e7ais-\u00e0-Marbella-F5-300x168.jpg\" alt=\"Officiant de c\u00e9r\u00e9monie en fran'ais' Marbella\" width=\"300\" height=\"168\" srcset=\"https:\/\/www.oficiantebodasciviles.es\/wp-content\/uploads\/2016\/12\/Officiant-de-c\u00e9r\u00e9monie-en-fran\u00e7ais-\u00e0-Marbella-F5-300x168.jpg 300w, https:\/\/www.oficiantebodasciviles.es\/wp-content\/uploads\/2016\/12\/Officiant-de-c\u00e9r\u00e9monie-en-fran\u00e7ais-\u00e0-Marbella-F5-560x314.jpg 560w, https:\/\/www.oficiantebodasciviles.es\/wp-content\/uploads\/2016\/12\/Officiant-de-c\u00e9r\u00e9monie-en-fran\u00e7ais-\u00e0-Marbella-F5-768x431.jpg 768w, https:\/\/www.oficiantebodasciviles.es\/wp-content\/uploads\/2016\/12\/Officiant-de-c\u00e9r\u00e9monie-en-fran\u00e7ais-\u00e0-Marbella-F5-1024x575.jpg 1024w, https:\/\/www.oficiantebodasciviles.es\/wp-content\/uploads\/2016\/12\/Officiant-de-c\u00e9r\u00e9monie-en-fran\u00e7ais-\u00e0-Marbella-F5-750x421.jpg 750w\" sizes=\"auto, (max-width: 300px) 100vw, 300px\" \/> <img loading=\"lazy\" decoding=\"async\" class=\"alignnone size-medium wp-image-625\" src=\"http:\/\/www.oficiantebodasciviles.es\/wp-content\/uploads\/2016\/12\/Officiant-de-c\u00e9r\u00e9monie-en-fran\u00e7ais-\u00e0-Marbella-F01-300x168.jpg\" alt=\"Officiant de c\u00e9r\u00e9monie en fran'ais' Marbella\" width=\"300\" height=\"168\" srcset=\"https:\/\/www.oficiantebodasciviles.es\/wp-content\/uploads\/2016\/12\/Officiant-de-c\u00e9r\u00e9monie-en-fran\u00e7ais-\u00e0-Marbella-F01-300x168.jpg 300w, https:\/\/www.oficiantebodasciviles.es\/wp-content\/uploads\/2016\/12\/Officiant-de-c\u00e9r\u00e9monie-en-fran\u00e7ais-\u00e0-Marbella-F01-560x314.jpg 560w, https:\/\/www.oficiantebodasciviles.es\/wp-content\/uploads\/2016\/12\/Officiant-de-c\u00e9r\u00e9monie-en-fran\u00e7ais-\u00e0-Marbella-F01-768x431.jpg 768w, https:\/\/www.oficiantebodasciviles.es\/wp-content\/uploads\/2016\/12\/Officiant-de-c\u00e9r\u00e9monie-en-fran\u00e7ais-\u00e0-Marbella-F01-1024x575.jpg 1024w, https:\/\/www.oficiantebodasciviles.es\/wp-content\/uploads\/2016\/12\/Officiant-de-c\u00e9r\u00e9monie-en-fran\u00e7ais-\u00e0-Marbella-F01-750x421.jpg 750w\" sizes=\"auto, (max-width: 300px) 100vw, 300px\" \/><\/p>\n","protected":false},"excerpt":{"rendered":"<p>Der Meister der Zeremonien in Wei\u00df, die G\u00e4ste in wei\u00df und die Braut und Br\u00e4utigam in Farbe, mit dem Meer im Hintergrund. Die M\u00f6glichkeit einer Hochzeit am Strand, Strand, auf dem Sand kann Unbehagen zu den G\u00e4sten bringen, f\u00fcr die Schuhe, f\u00fcr den Spaziergang auf dem Sand&#8230; In diesem Hotel[&#8230;]<\/p>\n","protected":false},"author":1,"featured_media":3086,"comment_status":"closed","ping_status":"open","sticky":false,"template":"","format":"standard","meta":{"footnotes":""},"categories":[506],"tags":[599,598,596,600,607,597],"class_list":["post-3488","post","type-post","status-publish","format-standard","has-post-thumbnail","hentry","category-zeremonien","tag-heiraten-marbella-espagne","tag-hochzeiten-am-strand-marbella","tag-hochzeitsminister-malaga","tag-standesamtliche-hochzeiten-malaga","tag-zelebrant-der-zivilen-zeremonien","tag-zivilzeremonien-in-malaga"],"yoast_head":"<!-- This site is optimized with the Yoast SEO plugin v27.5 - https:\/\/yoast.com\/product\/yoast-seo-wordpress\/ -->\n<title>Meister der Zeremonien mit Blick auf das Meer, im Hotel Vincci Estrella del Mar.<\/title>\n<meta name=\"description\" content=\"Zeremonienmeister in Marbella, f\u00fcr Hochzeiten vor dem Mittelmeer, bei dieser Gelegenheit, auf Franz\u00f6sisch, mit allen G\u00e4sten in Wei\u00df, au\u00dfer der Braut und dem Br\u00e4utigam.\" \/>\n<meta name=\"robots\" content=\"index, follow, max-snippet:-1, max-image-preview:large, max-video-preview:-1\" \/>\n<link rel=\"canonical\" href=\"https:\/\/www.oficiantebodasciviles.es\/de\/zeremonienmeister-bei-vincci-estrella-del-mar-auf-franzosisch\/\" \/>\n<meta property=\"og:locale\" content=\"de_DE\" \/>\n<meta property=\"og:type\" content=\"article\" \/>\n<meta property=\"og:title\" content=\"Meister der Zeremonien mit Blick auf das Meer, im Hotel Vincci Estrella del Mar.\" \/>\n<meta property=\"og:description\" content=\"Zeremonienmeister in Marbella, f\u00fcr Hochzeiten vor dem Mittelmeer, bei dieser Gelegenheit, auf Franz\u00f6sisch, mit allen G\u00e4sten in Wei\u00df, au\u00dfer der Braut und dem Br\u00e4utigam.\" \/>\n<meta property=\"og:url\" content=\"https:\/\/www.oficiantebodasciviles.es\/de\/zeremonienmeister-bei-vincci-estrella-del-mar-auf-franzosisch\/\" \/>\n<meta property=\"og:site_name\" content=\"Standesamtliche Trauung auf Deutsch\" \/>\n<meta property=\"article:published_time\" content=\"2019-07-29T14:06:01+00:00\" \/>\n<meta property=\"og:image\" content=\"https:\/\/www.oficiantebodasciviles.es\/wp-content\/uploads\/2016\/12\/Officiant-de-c\u00e9r\u00e9monie-en-fran\u00e7ais-\u00e0-Marbella-F2-1024x575.jpg\" \/>\n\t<meta property=\"og:image:width\" content=\"1024\" \/>\n\t<meta property=\"og:image:height\" content=\"575\" \/>\n\t<meta property=\"og:image:type\" content=\"image\/jpeg\" \/>\n<meta name=\"author\" content=\"Antonio\" \/>\n<meta name=\"twitter:card\" content=\"summary_large_image\" \/>\n<meta name=\"twitter:label1\" content=\"Verfasst von\" \/>\n\t<meta name=\"twitter:data1\" content=\"Antonio\" \/>\n<script type=\"application\/ld+json\" class=\"yoast-schema-graph\">{\"@context\":\"https:\\\/\\\/schema.org\",\"@graph\":[{\"@type\":\"Article\",\"@id\":\"https:\\\/\\\/www.oficiantebodasciviles.es\\\/de\\\/zeremonienmeister-bei-vincci-estrella-del-mar-auf-franzosisch\\\/#article\",\"isPartOf\":{\"@id\":\"https:\\\/\\\/www.oficiantebodasciviles.es\\\/de\\\/zeremonienmeister-bei-vincci-estrella-del-mar-auf-franzosisch\\\/\"},\"author\":{\"name\":\"Antonio\",\"@id\":\"https:\\\/\\\/www.oficiantebodasciviles.es\\\/de\\\/#\\\/schema\\\/person\\\/1fc311e213a56331c781a5125d009378\"},\"headline\":\"Zeremonienmeister bei Vincci Estrella del Mar, auf Franz\u00f6sisch\",\"datePublished\":\"2019-07-29T14:06:01+00:00\",\"mainEntityOfPage\":{\"@id\":\"https:\\\/\\\/www.oficiantebodasciviles.es\\\/de\\\/zeremonienmeister-bei-vincci-estrella-del-mar-auf-franzosisch\\\/\"},\"wordCount\":99,\"publisher\":{\"@id\":\"https:\\\/\\\/www.oficiantebodasciviles.es\\\/de\\\/#organization\"},\"image\":{\"@id\":\"https:\\\/\\\/www.oficiantebodasciviles.es\\\/de\\\/zeremonienmeister-bei-vincci-estrella-del-mar-auf-franzosisch\\\/#primaryimage\"},\"thumbnailUrl\":\"https:\\\/\\\/www.oficiantebodasciviles.es\\\/wp-content\\\/uploads\\\/2016\\\/12\\\/Officiant-de-c\u00e9r\u00e9monie-en-fran\u00e7ais-\u00e0-Marbella-F2-scaled.jpg\",\"keywords\":[\"Heiraten Marbella ( Espagne )\",\"Hochzeiten am Strand Marbella\",\"Hochzeitsminister Malaga\",\"standesamtliche Hochzeiten Malaga\",\"Zelebrant der zivilen Zeremonien\",\"Zivilzeremonien in Malaga\"],\"articleSection\":[\"Zeremonien\"],\"inLanguage\":\"de\"},{\"@type\":\"WebPage\",\"@id\":\"https:\\\/\\\/www.oficiantebodasciviles.es\\\/de\\\/zeremonienmeister-bei-vincci-estrella-del-mar-auf-franzosisch\\\/\",\"url\":\"https:\\\/\\\/www.oficiantebodasciviles.es\\\/de\\\/zeremonienmeister-bei-vincci-estrella-del-mar-auf-franzosisch\\\/\",\"name\":\"Meister der Zeremonien mit Blick auf das Meer, im Hotel Vincci Estrella del Mar.\",\"isPartOf\":{\"@id\":\"https:\\\/\\\/www.oficiantebodasciviles.es\\\/de\\\/#website\"},\"primaryImageOfPage\":{\"@id\":\"https:\\\/\\\/www.oficiantebodasciviles.es\\\/de\\\/zeremonienmeister-bei-vincci-estrella-del-mar-auf-franzosisch\\\/#primaryimage\"},\"image\":{\"@id\":\"https:\\\/\\\/www.oficiantebodasciviles.es\\\/de\\\/zeremonienmeister-bei-vincci-estrella-del-mar-auf-franzosisch\\\/#primaryimage\"},\"thumbnailUrl\":\"https:\\\/\\\/www.oficiantebodasciviles.es\\\/wp-content\\\/uploads\\\/2016\\\/12\\\/Officiant-de-c\u00e9r\u00e9monie-en-fran\u00e7ais-\u00e0-Marbella-F2-scaled.jpg\",\"datePublished\":\"2019-07-29T14:06:01+00:00\",\"description\":\"Zeremonienmeister in Marbella, f\u00fcr Hochzeiten vor dem Mittelmeer, bei dieser Gelegenheit, auf Franz\u00f6sisch, mit allen G\u00e4sten in Wei\u00df, au\u00dfer der Braut und dem Br\u00e4utigam.\",\"breadcrumb\":{\"@id\":\"https:\\\/\\\/www.oficiantebodasciviles.es\\\/de\\\/zeremonienmeister-bei-vincci-estrella-del-mar-auf-franzosisch\\\/#breadcrumb\"},\"inLanguage\":\"de\",\"potentialAction\":[{\"@type\":\"ReadAction\",\"target\":[\"https:\\\/\\\/www.oficiantebodasciviles.es\\\/de\\\/zeremonienmeister-bei-vincci-estrella-del-mar-auf-franzosisch\\\/\"]}]},{\"@type\":\"ImageObject\",\"inLanguage\":\"de\",\"@id\":\"https:\\\/\\\/www.oficiantebodasciviles.es\\\/de\\\/zeremonienmeister-bei-vincci-estrella-del-mar-auf-franzosisch\\\/#primaryimage\",\"url\":\"https:\\\/\\\/www.oficiantebodasciviles.es\\\/wp-content\\\/uploads\\\/2016\\\/12\\\/Officiant-de-c\u00e9r\u00e9monie-en-fran\u00e7ais-\u00e0-Marbella-F2-scaled.jpg\",\"contentUrl\":\"https:\\\/\\\/www.oficiantebodasciviles.es\\\/wp-content\\\/uploads\\\/2016\\\/12\\\/Officiant-de-c\u00e9r\u00e9monie-en-fran\u00e7ais-\u00e0-Marbella-F2-scaled.jpg\",\"width\":2560,\"height\":1438,\"caption\":\"Officiant de c\u00e9r\u00e9monie en fran'ais' Marbella\"},{\"@type\":\"BreadcrumbList\",\"@id\":\"https:\\\/\\\/www.oficiantebodasciviles.es\\\/de\\\/zeremonienmeister-bei-vincci-estrella-del-mar-auf-franzosisch\\\/#breadcrumb\",\"itemListElement\":[{\"@type\":\"ListItem\",\"position\":1,\"name\":\"Portada\",\"item\":\"https:\\\/\\\/www.oficiantebodasciviles.es\\\/de\\\/\"},{\"@type\":\"ListItem\",\"position\":2,\"name\":\"Zeremonienmeister bei Vincci Estrella del Mar, auf Franz\u00f6sisch\"}]},{\"@type\":\"WebSite\",\"@id\":\"https:\\\/\\\/www.oficiantebodasciviles.es\\\/de\\\/#website\",\"url\":\"https:\\\/\\\/www.oficiantebodasciviles.es\\\/de\\\/\",\"name\":\"Oficiantes\",\"description\":\"Bodas civiles en Andaluc\u00eda.\",\"publisher\":{\"@id\":\"https:\\\/\\\/www.oficiantebodasciviles.es\\\/de\\\/#organization\"},\"potentialAction\":[{\"@type\":\"SearchAction\",\"target\":{\"@type\":\"EntryPoint\",\"urlTemplate\":\"https:\\\/\\\/www.oficiantebodasciviles.es\\\/de\\\/?s={search_term_string}\"},\"query-input\":{\"@type\":\"PropertyValueSpecification\",\"valueRequired\":true,\"valueName\":\"search_term_string\"}}],\"inLanguage\":\"de\"},{\"@type\":\"Organization\",\"@id\":\"https:\\\/\\\/www.oficiantebodasciviles.es\\\/de\\\/#organization\",\"name\":\"Oficiantes Andaluc\u00eda\",\"url\":\"https:\\\/\\\/www.oficiantebodasciviles.es\\\/de\\\/\",\"logo\":{\"@type\":\"ImageObject\",\"inLanguage\":\"de\",\"@id\":\"https:\\\/\\\/www.oficiantebodasciviles.es\\\/de\\\/#\\\/schema\\\/logo\\\/image\\\/\",\"url\":\"https:\\\/\\\/www.oficiantebodasciviles.es\\\/wp-content\\\/uploads\\\/2016\\\/08\\\/Tarjeta-oficiante-bodas-300x300-1.png\",\"contentUrl\":\"https:\\\/\\\/www.oficiantebodasciviles.es\\\/wp-content\\\/uploads\\\/2016\\\/08\\\/Tarjeta-oficiante-bodas-300x300-1.png\",\"width\":142,\"height\":136,\"caption\":\"Oficiantes Andaluc\u00eda\"},\"image\":{\"@id\":\"https:\\\/\\\/www.oficiantebodasciviles.es\\\/de\\\/#\\\/schema\\\/logo\\\/image\\\/\"}},{\"@type\":\"Person\",\"@id\":\"https:\\\/\\\/www.oficiantebodasciviles.es\\\/de\\\/#\\\/schema\\\/person\\\/1fc311e213a56331c781a5125d009378\",\"name\":\"Antonio\"}]}<\/script>\n<!-- \/ Yoast SEO plugin. -->","yoast_head_json":{"title":"Meister der Zeremonien mit Blick auf das Meer, im Hotel Vincci Estrella del Mar.","description":"Zeremonienmeister in Marbella, f\u00fcr Hochzeiten vor dem Mittelmeer, bei dieser Gelegenheit, auf Franz\u00f6sisch, mit allen G\u00e4sten in Wei\u00df, au\u00dfer der Braut und dem Br\u00e4utigam.","robots":{"index":"index","follow":"follow","max-snippet":"max-snippet:-1","max-image-preview":"max-image-preview:large","max-video-preview":"max-video-preview:-1"},"canonical":"https:\/\/www.oficiantebodasciviles.es\/de\/zeremonienmeister-bei-vincci-estrella-del-mar-auf-franzosisch\/","og_locale":"de_DE","og_type":"article","og_title":"Meister der Zeremonien mit Blick auf das Meer, im Hotel Vincci Estrella del Mar.","og_description":"Zeremonienmeister in Marbella, f\u00fcr Hochzeiten vor dem Mittelmeer, bei dieser Gelegenheit, auf Franz\u00f6sisch, mit allen G\u00e4sten in Wei\u00df, au\u00dfer der Braut und dem Br\u00e4utigam.","og_url":"https:\/\/www.oficiantebodasciviles.es\/de\/zeremonienmeister-bei-vincci-estrella-del-mar-auf-franzosisch\/","og_site_name":"Standesamtliche Trauung auf Deutsch","article_published_time":"2019-07-29T14:06:01+00:00","og_image":[{"width":1024,"height":575,"url":"https:\/\/www.oficiantebodasciviles.es\/wp-content\/uploads\/2016\/12\/Officiant-de-c\u00e9r\u00e9monie-en-fran\u00e7ais-\u00e0-Marbella-F2-1024x575.jpg","type":"image\/jpeg"}],"author":"Antonio","twitter_card":"summary_large_image","twitter_misc":{"Verfasst von":"Antonio"},"schema":{"@context":"https:\/\/schema.org","@graph":[{"@type":"Article","@id":"https:\/\/www.oficiantebodasciviles.es\/de\/zeremonienmeister-bei-vincci-estrella-del-mar-auf-franzosisch\/#article","isPartOf":{"@id":"https:\/\/www.oficiantebodasciviles.es\/de\/zeremonienmeister-bei-vincci-estrella-del-mar-auf-franzosisch\/"},"author":{"name":"Antonio","@id":"https:\/\/www.oficiantebodasciviles.es\/de\/#\/schema\/person\/1fc311e213a56331c781a5125d009378"},"headline":"Zeremonienmeister bei Vincci Estrella del Mar, auf Franz\u00f6sisch","datePublished":"2019-07-29T14:06:01+00:00","mainEntityOfPage":{"@id":"https:\/\/www.oficiantebodasciviles.es\/de\/zeremonienmeister-bei-vincci-estrella-del-mar-auf-franzosisch\/"},"wordCount":99,"publisher":{"@id":"https:\/\/www.oficiantebodasciviles.es\/de\/#organization"},"image":{"@id":"https:\/\/www.oficiantebodasciviles.es\/de\/zeremonienmeister-bei-vincci-estrella-del-mar-auf-franzosisch\/#primaryimage"},"thumbnailUrl":"https:\/\/www.oficiantebodasciviles.es\/wp-content\/uploads\/2016\/12\/Officiant-de-c\u00e9r\u00e9monie-en-fran\u00e7ais-\u00e0-Marbella-F2-scaled.jpg","keywords":["Heiraten Marbella ( Espagne )","Hochzeiten am Strand Marbella","Hochzeitsminister Malaga","standesamtliche Hochzeiten Malaga","Zelebrant der zivilen Zeremonien","Zivilzeremonien in Malaga"],"articleSection":["Zeremonien"],"inLanguage":"de"},{"@type":"WebPage","@id":"https:\/\/www.oficiantebodasciviles.es\/de\/zeremonienmeister-bei-vincci-estrella-del-mar-auf-franzosisch\/","url":"https:\/\/www.oficiantebodasciviles.es\/de\/zeremonienmeister-bei-vincci-estrella-del-mar-auf-franzosisch\/","name":"Meister der Zeremonien mit Blick auf das Meer, im Hotel Vincci Estrella del Mar.","isPartOf":{"@id":"https:\/\/www.oficiantebodasciviles.es\/de\/#website"},"primaryImageOfPage":{"@id":"https:\/\/www.oficiantebodasciviles.es\/de\/zeremonienmeister-bei-vincci-estrella-del-mar-auf-franzosisch\/#primaryimage"},"image":{"@id":"https:\/\/www.oficiantebodasciviles.es\/de\/zeremonienmeister-bei-vincci-estrella-del-mar-auf-franzosisch\/#primaryimage"},"thumbnailUrl":"https:\/\/www.oficiantebodasciviles.es\/wp-content\/uploads\/2016\/12\/Officiant-de-c\u00e9r\u00e9monie-en-fran\u00e7ais-\u00e0-Marbella-F2-scaled.jpg","datePublished":"2019-07-29T14:06:01+00:00","description":"Zeremonienmeister in Marbella, f\u00fcr Hochzeiten vor dem Mittelmeer, bei dieser Gelegenheit, auf Franz\u00f6sisch, mit allen G\u00e4sten in Wei\u00df, au\u00dfer der Braut und dem Br\u00e4utigam.","breadcrumb":{"@id":"https:\/\/www.oficiantebodasciviles.es\/de\/zeremonienmeister-bei-vincci-estrella-del-mar-auf-franzosisch\/#breadcrumb"},"inLanguage":"de","potentialAction":[{"@type":"ReadAction","target":["https:\/\/www.oficiantebodasciviles.es\/de\/zeremonienmeister-bei-vincci-estrella-del-mar-auf-franzosisch\/"]}]},{"@type":"ImageObject","inLanguage":"de","@id":"https:\/\/www.oficiantebodasciviles.es\/de\/zeremonienmeister-bei-vincci-estrella-del-mar-auf-franzosisch\/#primaryimage","url":"https:\/\/www.oficiantebodasciviles.es\/wp-content\/uploads\/2016\/12\/Officiant-de-c\u00e9r\u00e9monie-en-fran\u00e7ais-\u00e0-Marbella-F2-scaled.jpg","contentUrl":"https:\/\/www.oficiantebodasciviles.es\/wp-content\/uploads\/2016\/12\/Officiant-de-c\u00e9r\u00e9monie-en-fran\u00e7ais-\u00e0-Marbella-F2-scaled.jpg","width":2560,"height":1438,"caption":"Officiant de c\u00e9r\u00e9monie en fran'ais' Marbella"},{"@type":"BreadcrumbList","@id":"https:\/\/www.oficiantebodasciviles.es\/de\/zeremonienmeister-bei-vincci-estrella-del-mar-auf-franzosisch\/#breadcrumb","itemListElement":[{"@type":"ListItem","position":1,"name":"Portada","item":"https:\/\/www.oficiantebodasciviles.es\/de\/"},{"@type":"ListItem","position":2,"name":"Zeremonienmeister bei Vincci Estrella del Mar, auf Franz\u00f6sisch"}]},{"@type":"WebSite","@id":"https:\/\/www.oficiantebodasciviles.es\/de\/#website","url":"https:\/\/www.oficiantebodasciviles.es\/de\/","name":"Oficiantes","description":"Bodas civiles en Andaluc\u00eda.","publisher":{"@id":"https:\/\/www.oficiantebodasciviles.es\/de\/#organization"},"potentialAction":[{"@type":"SearchAction","target":{"@type":"EntryPoint","urlTemplate":"https:\/\/www.oficiantebodasciviles.es\/de\/?s={search_term_string}"},"query-input":{"@type":"PropertyValueSpecification","valueRequired":true,"valueName":"search_term_string"}}],"inLanguage":"de"},{"@type":"Organization","@id":"https:\/\/www.oficiantebodasciviles.es\/de\/#organization","name":"Oficiantes Andaluc\u00eda","url":"https:\/\/www.oficiantebodasciviles.es\/de\/","logo":{"@type":"ImageObject","inLanguage":"de","@id":"https:\/\/www.oficiantebodasciviles.es\/de\/#\/schema\/logo\/image\/","url":"https:\/\/www.oficiantebodasciviles.es\/wp-content\/uploads\/2016\/08\/Tarjeta-oficiante-bodas-300x300-1.png","contentUrl":"https:\/\/www.oficiantebodasciviles.es\/wp-content\/uploads\/2016\/08\/Tarjeta-oficiante-bodas-300x300-1.png","width":142,"height":136,"caption":"Oficiantes Andaluc\u00eda"},"image":{"@id":"https:\/\/www.oficiantebodasciviles.es\/de\/#\/schema\/logo\/image\/"}},{"@type":"Person","@id":"https:\/\/www.oficiantebodasciviles.es\/de\/#\/schema\/person\/1fc311e213a56331c781a5125d009378","name":"Antonio"}]}},"_links":{"self":[{"href":"https:\/\/www.oficiantebodasciviles.es\/de\/wp-json\/wp\/v2\/posts\/3488","targetHints":{"allow":["GET"]}}],"collection":[{"href":"https:\/\/www.oficiantebodasciviles.es\/de\/wp-json\/wp\/v2\/posts"}],"about":[{"href":"https:\/\/www.oficiantebodasciviles.es\/de\/wp-json\/wp\/v2\/types\/post"}],"author":[{"embeddable":true,"href":"https:\/\/www.oficiantebodasciviles.es\/de\/wp-json\/wp\/v2\/users\/1"}],"replies":[{"embeddable":true,"href":"https:\/\/www.oficiantebodasciviles.es\/de\/wp-json\/wp\/v2\/comments?post=3488"}],"version-history":[{"count":0,"href":"https:\/\/www.oficiantebodasciviles.es\/de\/wp-json\/wp\/v2\/posts\/3488\/revisions"}],"wp:featuredmedia":[{"embeddable":true,"href":"https:\/\/www.oficiantebodasciviles.es\/de\/wp-json\/wp\/v2\/media\/3086"}],"wp:attachment":[{"href":"https:\/\/www.oficiantebodasciviles.es\/de\/wp-json\/wp\/v2\/media?parent=3488"}],"wp:term":[{"taxonomy":"category","embeddable":true,"href":"https:\/\/www.oficiantebodasciviles.es\/de\/wp-json\/wp\/v2\/categories?post=3488"},{"taxonomy":"post_tag","embeddable":true,"href":"https:\/\/www.oficiantebodasciviles.es\/de\/wp-json\/wp\/v2\/tags?post=3488"}],"curies":[{"name":"wp","href":"https:\/\/api.w.org\/{rel}","templated":true}]}}